{"id":3245,"date":"2024-06-17T10:00:14","date_gmt":"2024-06-17T10:00:14","guid":{"rendered":"https:\/\/coocv.com\/?p=38261"},"modified":"2024-06-17T10:00:14","modified_gmt":"2024-06-17T10:00:14","slug":"campana-sol-2024","status":"publish","type":"post","link":"https:\/\/hlrnet.net\/sites\/actu-es\/2024\/06\/17\/campana-sol-2024\/","title":{"rendered":"CAMPA\u00d1A SOL 2024"},"content":{"rendered":"\n\n<div class=\"kk-star-ratings kksr-auto kksr-align-left kksr-valign-top\"\n    data-payload='{&quot;align&quot;:&quot;left&quot;,&quot;id&quot;:&quot;3245&quot;,&quot;slug&quot;:&quot;default&quot;,&quot;valign&quot;:&quot;top&quot;,&quot;ignore&quot;:&quot;&quot;,&quot;reference&quot;:&quot;auto&quot;,&quot;class&quot;:&quot;&quot;,&quot;count&quot;:&quot;0&quot;,&quot;legendonly&quot;:&quot;&quot;,&quot;readonly&quot;:&quot;&quot;,&quot;score&quot;:&quot;0&quot;,&quot;starsonly&quot;:&quot;&quot;,&quot;best&quot;:&quot;5&quot;,&quot;gap&quot;:&quot;5&quot;,&quot;greet&quot;:&quot;Rate this post&quot;,&quot;legend&quot;:&quot;0\\\/5 - (0 votes)&quot;,&quot;size&quot;:&quot;24&quot;,&quot;title&quot;:&quot;CAMPA\u00d1A SOL 2024&quot;,&quot;width&quot;:&quot;0&quot;,&quot;_legend&quot;:&quot;{score}\\\/{best} - ({count} {votes})&quot;,&quot;font_factor&quot;:&quot;1.25&quot;}'>\n            \n<div class=\"kksr-stars\">\n    \n<div class=\"kksr-stars-inactive\">\n            <div class=\"kksr-star\" data-star=\"1\" style=\"padding-right: 5px\">\n            \n\n<div class=\"kksr-icon\" style=\"width: 24px; height: 24px;\"><\/div>\n        <\/div>\n            <div class=\"kksr-star\" data-star=\"2\" style=\"padding-right: 5px\">\n            \n\n<div class=\"kksr-icon\" style=\"width: 24px; height: 24px;\"><\/div>\n        <\/div>\n            <div class=\"kksr-star\" data-star=\"3\" style=\"padding-right: 5px\">\n            \n\n<div class=\"kksr-icon\" style=\"width: 24px; height: 24px;\"><\/div>\n        <\/div>\n            <div class=\"kksr-star\" data-star=\"4\" style=\"padding-right: 5px\">\n            \n\n<div class=\"kksr-icon\" style=\"width: 24px; height: 24px;\"><\/div>\n        <\/div>\n            <div class=\"kksr-star\" data-star=\"5\" style=\"padding-right: 5px\">\n            \n\n<div class=\"kksr-icon\" style=\"width: 24px; height: 24px;\"><\/div>\n        <\/div>\n    <\/div>\n    \n<div class=\"kksr-stars-active\" style=\"width: 0px;\">\n            <div class=\"kksr-star\" style=\"padding-right: 5px\">\n            \n\n<div class=\"kksr-icon\" style=\"width: 24px; height: 24px;\"><\/div>\n        <\/div>\n            <div class=\"kksr-star\" style=\"padding-right: 5px\">\n            \n\n<div class=\"kksr-icon\" style=\"width: 24px; height: 24px;\"><\/div>\n        <\/div>\n            <div class=\"kksr-star\" style=\"padding-right: 5px\">\n            \n\n<div class=\"kksr-icon\" style=\"width: 24px; height: 24px;\"><\/div>\n        <\/div>\n            <div class=\"kksr-star\" style=\"padding-right: 5px\">\n            \n\n<div class=\"kksr-icon\" style=\"width: 24px; height: 24px;\"><\/div>\n        <\/div>\n            <div class=\"kksr-star\" style=\"padding-right: 5px\">\n            \n\n<div class=\"kksr-icon\" style=\"width: 24px; height: 24px;\"><\/div>\n        <\/div>\n    <\/div>\n<\/div>\n                \n\n<div class=\"kksr-legend\" style=\"font-size: 19.2px;\">\n            <span class=\"kksr-muted\">Rate this post<\/span>\n    <\/div>\n    <\/div>\n\n<p>Este a\u00f1o, queremos destacar la importancia de adquirir gafas de sol en nuestras \u00f3pticas, resaltando la garant\u00eda de calidad de las lentes y materiales, as\u00ed como el invaluable asesoramiento que solo un \u00f3ptico-optometrista puede ofrecer.<\/p>\n<p>Para ello, te invitamos a participar grabando un breve v\u00eddeo con tu m\u00f3vil en el que aparezc\u00e1is junto a un cliente. En el v\u00eddeo, el cliente deber\u00eda explicar por qu\u00e9 ha decidido comprar sus gafas de sol en vuestra \u00f3ptica, destacando aspectos como:<\/p>\n<ul>\n<li>La\u00a0<strong>garant\u00eda de calidad<\/strong>\u00a0de las lentes y materiales, asegurando una protecci\u00f3n efectiva contra los rayos solares.<\/li>\n<li>El\u00a0<strong>asesoramiento profesional<\/strong>\u00a0que solo un \u00f3ptico-optometrista puede proporcionar, adaptado a las necesidades espec\u00edficas de cada persona.<\/li>\n<li>Otros beneficios relevantes que consideres importantes resaltar.<\/li>\n<\/ul>\n<p><strong>Instrucciones para la grabaci\u00f3n<\/strong><br \/>Para detalles completos sobre c\u00f3mo grabar y enviar tu v\u00eddeo, por favor revisa el siguiente documento:&nbsp;<strong><a href=\"https:\/\/coocv.us17.list-manage.com\/track\/click?u=27c0b4f698118ced805ccb35a&amp;id=21063c0a60&amp;e=7f1f1d5abe\" target=\"_blank\" rel=\"noopener\">[Enlace al documento de instrucciones]<\/a>.<\/strong><\/p>\n<p>A continuaci\u00f3n, te destacamos dos puntos importantes:<br \/><strong>Contenido:&nbsp;<\/strong>pres\u00e9ntate brevemente, deja que el cliente explique sus razones y, si lo deseas, puedes a\u00f1adir un breve mensaje de agradecimiento.<br \/><strong>Env\u00edo:<\/strong>&nbsp;Por favor, env\u00eda tu v\u00eddeo a&nbsp;<a href=\"mailto:prensa@coocv.es\">prensa@coocv.es<\/a>&nbsp;antes del 26 de junio a las 12:00 de la ma\u00f1ana.<\/p>\n<p>Este es un excelente momento para mostrar el compromiso y la profesionalidad que caracterizan a nuestra profesi\u00f3n, y para educar y concienciar al p\u00fablico sobre la importancia de una protecci\u00f3n solar adecuada para sus ojos.<\/p>\n<p>Agradecemos de antemano tu participaci\u00f3n y apoyo en esta campa\u00f1a. \u00a1Estamos seguros de que juntos lograremos un gran impacto!<\/p>\n<p>Publicado en <a href=\"https:\/\/coocv.com\/campana-sol-2024\/\" class=\"autohyperlink\">coocv.com\/campana-sol-2024\/<\/a><\/p>\n","protected":false},"excerpt":{"rendered":"<p>Este a\u00f1o, queremos destacar la importancia de adquirir gafas de sol en nuestras \u00f3pticas, resaltando la garant\u00eda de calidad de las lentes y materiales, as\u00ed como el invaluable asesoramiento que solo un \u00f3ptico-optometrista puede ofrecer. Para ello, te invitamos a participar grabando un breve v\u00eddeo con tu m\u00f3vil en el<\/p>\n","protected":false},"author":2,"featured_media":0,"comment_status":"closed","ping_status":"closed","sticky":false,"template":"","format":"standard","meta":{"footnotes":""},"categories":[10,4],"tags":[],"class_list":["post-3245","post","type-post","status-publish","format-standard","hentry","category-cuidado-ocular","category-espana"],"publishpress_future_action":{"enabled":false,"date":"2026-05-02 06:40:53","action":"change-status","newStatus":"draft","terms":[],"taxonomy":"category","extraData":[]},"publishpress_future_workflow_manual_trigger":{"enabledWorkflows":[]},"_links":{"self":[{"href":"https:\/\/hlrnet.net\/sites\/actu-es\/wp-json\/wp\/v2\/posts\/3245","targetHints":{"allow":["GET"]}}],"collection":[{"href":"https:\/\/hlrnet.net\/sites\/actu-es\/wp-json\/wp\/v2\/posts"}],"about":[{"href":"https:\/\/hlrnet.net\/sites\/actu-es\/wp-json\/wp\/v2\/types\/post"}],"author":[{"embeddable":true,"href":"https:\/\/hlrnet.net\/sites\/actu-es\/wp-json\/wp\/v2\/users\/2"}],"replies":[{"embeddable":true,"href":"https:\/\/hlrnet.net\/sites\/actu-es\/wp-json\/wp\/v2\/comments?post=3245"}],"version-history":[{"count":0,"href":"https:\/\/hlrnet.net\/sites\/actu-es\/wp-json\/wp\/v2\/posts\/3245\/revisions"}],"wp:attachment":[{"href":"https:\/\/hlrnet.net\/sites\/actu-es\/wp-json\/wp\/v2\/media?parent=3245"}],"wp:term":[{"taxonomy":"category","embeddable":true,"href":"https:\/\/hlrnet.net\/sites\/actu-es\/wp-json\/wp\/v2\/categories?post=3245"},{"taxonomy":"post_tag","embeddable":true,"href":"https:\/\/hlrnet.net\/sites\/actu-es\/wp-json\/wp\/v2\/tags?post=3245"}],"curies":[{"name":"wp","href":"https:\/\/api.w.org\/{rel}","templated":true}]}}