{"id":3246,"date":"2024-06-11T14:33:35","date_gmt":"2024-06-11T14:33:35","guid":{"rendered":"http:\/\/coooaoptometria.com\/?p=6977"},"modified":"2024-06-11T14:33:35","modified_gmt":"2024-06-11T14:33:35","slug":"la-audiencia-provincial-de-malaga-confirma-el-archivo-de-la-querella-por-intrusismo-presentada-por-la-asociacion-de-oftalmologos-de-espana-apoe-contra-una-optometrista","status":"publish","type":"post","link":"https:\/\/hlrnet.net\/sites\/actu-es\/2024\/06\/11\/la-audiencia-provincial-de-malaga-confirma-el-archivo-de-la-querella-por-intrusismo-presentada-por-la-asociacion-de-oftalmologos-de-espana-apoe-contra-una-optometrista\/","title":{"rendered":"La Audiencia Provincial de M\u00e1laga confirma el archivo de la querella por intrusismo presentada por la Asociaci\u00f3n de Oftalm\u00f3logos de Espa\u00f1a (APOE) contra una optometrista"},"content":{"rendered":"\n\n<div class=\"kk-star-ratings kksr-auto kksr-align-left kksr-valign-top\"\n    data-payload='{&quot;align&quot;:&quot;left&quot;,&quot;id&quot;:&quot;3246&quot;,&quot;slug&quot;:&quot;default&quot;,&quot;valign&quot;:&quot;top&quot;,&quot;ignore&quot;:&quot;&quot;,&quot;reference&quot;:&quot;auto&quot;,&quot;class&quot;:&quot;&quot;,&quot;count&quot;:&quot;0&quot;,&quot;legendonly&quot;:&quot;&quot;,&quot;readonly&quot;:&quot;&quot;,&quot;score&quot;:&quot;0&quot;,&quot;starsonly&quot;:&quot;&quot;,&quot;best&quot;:&quot;5&quot;,&quot;gap&quot;:&quot;5&quot;,&quot;greet&quot;:&quot;Rate this post&quot;,&quot;legend&quot;:&quot;0\\\/5 - (0 votes)&quot;,&quot;size&quot;:&quot;24&quot;,&quot;title&quot;:&quot;La Audiencia Provincial de M\u00e1laga confirma el archivo de la querella por intrusismo presentada por la Asociaci\u00f3n de Oftalm\u00f3logos de Espa\u00f1a (APOE) contra una optometrista&quot;,&quot;width&quot;:&quot;0&quot;,&quot;_legend&quot;:&quot;{score}\\\/{best} - ({count} {votes})&quot;,&quot;font_factor&quot;:&quot;1.25&quot;}'>\n            \n<div class=\"kksr-stars\">\n    \n<div class=\"kksr-stars-inactive\">\n            <div class=\"kksr-star\" data-star=\"1\" style=\"padding-right: 5px\">\n            \n\n<div class=\"kksr-icon\" style=\"width: 24px; height: 24px;\"><\/div>\n        <\/div>\n            <div class=\"kksr-star\" data-star=\"2\" style=\"padding-right: 5px\">\n            \n\n<div class=\"kksr-icon\" style=\"width: 24px; height: 24px;\"><\/div>\n        <\/div>\n            <div class=\"kksr-star\" data-star=\"3\" style=\"padding-right: 5px\">\n            \n\n<div class=\"kksr-icon\" style=\"width: 24px; height: 24px;\"><\/div>\n        <\/div>\n            <div class=\"kksr-star\" data-star=\"4\" style=\"padding-right: 5px\">\n            \n\n<div class=\"kksr-icon\" style=\"width: 24px; height: 24px;\"><\/div>\n        <\/div>\n            <div class=\"kksr-star\" data-star=\"5\" style=\"padding-right: 5px\">\n            \n\n<div class=\"kksr-icon\" style=\"width: 24px; height: 24px;\"><\/div>\n        <\/div>\n    <\/div>\n    \n<div class=\"kksr-stars-active\" style=\"width: 0px;\">\n            <div class=\"kksr-star\" style=\"padding-right: 5px\">\n            \n\n<div class=\"kksr-icon\" style=\"width: 24px; height: 24px;\"><\/div>\n        <\/div>\n            <div class=\"kksr-star\" style=\"padding-right: 5px\">\n            \n\n<div class=\"kksr-icon\" style=\"width: 24px; height: 24px;\"><\/div>\n        <\/div>\n            <div class=\"kksr-star\" style=\"padding-right: 5px\">\n            \n\n<div class=\"kksr-icon\" style=\"width: 24px; height: 24px;\"><\/div>\n        <\/div>\n            <div class=\"kksr-star\" style=\"padding-right: 5px\">\n            \n\n<div class=\"kksr-icon\" style=\"width: 24px; height: 24px;\"><\/div>\n        <\/div>\n            <div class=\"kksr-star\" style=\"padding-right: 5px\">\n            \n\n<div class=\"kksr-icon\" style=\"width: 24px; height: 24px;\"><\/div>\n        <\/div>\n    <\/div>\n<\/div>\n                \n\n<div class=\"kksr-legend\" style=\"font-size: 19.2px;\">\n            <span class=\"kksr-muted\">Rate this post<\/span>\n    <\/div>\n    <\/div>\n\n<p>La <strong>Audiencia Provincial de M\u00e1laga<\/strong> ha confirmado el archivo de la querella por intrusismo que present\u00f3 la Asociaci\u00f3n de Oftalm\u00f3logos de Espa\u00f1a (APOE) contra una optometrista malague\u00f1a.<\/p>\n<p>El origen del procedimiento surge de la <strong>atenci\u00f3n prestada por una optometrista a un menor<\/strong>, de siete a\u00f1os de edad, que fue llevado por sus padres al establecimiento de \u00f3ptica y optometr\u00eda de la colegiada. Tras explorar al menor, la profesional emiti\u00f3 un informe escrito para los padres y les aconsej\u00f3 -verbalmente- que acudiesen a un oftalm\u00f3logo. As\u00ed lo hicieron acudiendo al SAS, donde la oftalm\u00f3loga que los atendi\u00f3 result\u00f3 ser asociada de APOE. Esta, al ver el informe de la colegiada, avis\u00f3 inmediatamente a APOE, que denunci\u00f3 el caso ante los servicios inspectores de la Consejer\u00eda de Salud de la Junta de Andaluc\u00eda.<\/p>\n<figure class=\"wp-block-image size-large\"><a href=\"https:\/\/coooaoptometria.com\/wp-content\/uploads\/2024\/06\/image-42.png\"><img decoding=\"async\" loading=\"lazy\" width=\"1024\" height=\"363\" data-attachment-id=\"7107\" data-permalink=\"https:\/\/coooaoptometria.com\/2024\/06\/11\/la-audiencia-provincial-de-malaga-confirma-el-archivo-de-la-querella-por-intrusismo-presentada-por-la-asociacion-de-oftalmologos-de-espana-apoe-contra-una-optometrista\/image-42\/\" data-orig-file=\"https:\/\/coooaoptometria.com\/wp-content\/uploads\/2024\/06\/image-42.png\" data-orig-size=\"2325,825\" data-comments-opened=\"1\" data-image-meta=\"{&quot;aperture&quot;:&quot;0&quot;,&quot;credit&quot;:&quot;&quot;,&quot;camera&quot;:&quot;&quot;,&quot;caption&quot;:&quot;&quot;,&quot;created_timestamp&quot;:&quot;0&quot;,&quot;copyright&quot;:&quot;&quot;,&quot;focal_length&quot;:&quot;0&quot;,&quot;iso&quot;:&quot;0&quot;,&quot;shutter_speed&quot;:&quot;0&quot;,&quot;title&quot;:&quot;&quot;,&quot;orientation&quot;:&quot;0&quot;}\" data-image-title=\"image-42\" data-image-description=\"\" data-image-caption=\"\" data-medium-file=\"https:\/\/coooaoptometria.com\/wp-content\/uploads\/2024\/06\/image-42.png?w=300\" data-large-file=\"https:\/\/coooaoptometria.com\/wp-content\/uploads\/2024\/06\/image-42.png?w=700\" src=\"https:\/\/coooaoptometria.com\/wp-content\/uploads\/2024\/06\/image-42.png?w=1024\" alt=\"\" class=\"wp-image-7107\" \/><\/a><\/figure>\n<p>Una <strong>inspectora<\/strong> gir\u00f3 visita de inspecci\u00f3n al establecimiento de \u00f3ptica y consider\u00f3 que exist\u00edan indicios de intrusismo, por lo que abri\u00f3 expediente y lo remiti\u00f3 a APOE.<\/p>\n<p>Tras ello, <strong>APOE<\/strong> present\u00f3 la querella, acompa\u00f1\u00e1ndola de tres informes. El primero era el expediente incoado por los servicios inspectores de la Junta de Andaluc\u00eda. El segundo era un informe emitido por la oftalm\u00f3loga del SAS que explor\u00f3 al menor y el otro un dictamen pericial de una oftalm\u00f3loga contratada por APOE.<\/p>\n<blockquote>\n<p>Para la decisi\u00f3n de archivar la querella han sido fundamentales el informe del Colegio de M\u00e9dicos de M\u00e1laga y el propuesto por la defensa<\/p>\n<\/blockquote>\n<figure class=\"wp-block-image alignright size-large is-resized\"><a href=\"https:\/\/coooaoptometria.com\/wp-content\/uploads\/2024\/06\/image-40.png\"><img decoding=\"async\" loading=\"lazy\" data-attachment-id=\"7105\" data-permalink=\"https:\/\/coooaoptometria.com\/2024\/06\/11\/la-audiencia-provincial-de-malaga-confirma-el-archivo-de-la-querella-por-intrusismo-presentada-por-la-asociacion-de-oftalmologos-de-espana-apoe-contra-una-optometrista\/image-40\/\" data-orig-file=\"https:\/\/coooaoptometria.com\/wp-content\/uploads\/2024\/06\/image-40.png\" data-orig-size=\"930,1960\" data-comments-opened=\"1\" data-image-meta=\"{&quot;aperture&quot;:&quot;0&quot;,&quot;credit&quot;:&quot;&quot;,&quot;camera&quot;:&quot;&quot;,&quot;caption&quot;:&quot;&quot;,&quot;created_timestamp&quot;:&quot;0&quot;,&quot;copyright&quot;:&quot;&quot;,&quot;focal_length&quot;:&quot;0&quot;,&quot;iso&quot;:&quot;0&quot;,&quot;shutter_speed&quot;:&quot;0&quot;,&quot;title&quot;:&quot;&quot;,&quot;orientation&quot;:&quot;0&quot;}\" data-image-title=\"image-40\" data-image-description=\"\" data-image-caption=\"\" data-medium-file=\"https:\/\/coooaoptometria.com\/wp-content\/uploads\/2024\/06\/image-40.png?w=142\" data-large-file=\"https:\/\/coooaoptometria.com\/wp-content\/uploads\/2024\/06\/image-40.png?w=486\" class=\"wp-image-7105\" src=\"https:\/\/coooaoptometria.com\/wp-content\/uploads\/2024\/06\/image-40.png?w=486\" alt=\"\" width=\"220\" height=\"463\" \/><\/a><\/figure>\n<p>El <strong>Juzgado practic\u00f3 varias diligencias probatorias<\/strong>, de las que cabe destacar: el dictamen pericial de una doctora en Oftalmolog\u00eda, presentado por APOE, ratificado ante el Juzgado; informe de la oftalm\u00f3loga del SAS al que ya se ha hecho menci\u00f3n (de parte de APOE); informe de la inspectora de la Consejer\u00eda de Salud, ratificado en sede judicial (a petici\u00f3n de APOE); dictamen pericial del Dr. D. JMSG (a propuesta de la defensa); informe del Colegio Oficial de M\u00e9dicos de M\u00e1laga (a solicitud del Ministerio Fiscal).<\/p>\n<p>Se ha de se\u00f1alar que el <strong>dictamen pericial de la perito contratada por APOE<\/strong> era un panfleto ideol\u00f3gico anti-optometr\u00eda de m\u00e1s de cien folios donde adem\u00e1s reproduc\u00eda una especie de informe de un oftalm\u00f3logo ya fallecido, donde se criticaba duramente a los profesionales de la Optometr\u00eda, llegando a decir que solo deb\u00edan dedicarse a la venta de gafas y lentillas. La objetividad brillaba por su ausencia. Se puso de manifiesto durante la instrucci\u00f3n que exist\u00eda una relaci\u00f3n previa entre la oftalm\u00f3loga del SAS y la perito, con APOE.<\/p>\n<p>Para la decisi\u00f3n de archivar la querella por el Juzgado de Instrucci\u00f3n, fue crucial el informe del Colegio de M\u00e9dicos de M\u00e1laga, que considera que no hay intrusismo. Asimismo, la propia declaraci\u00f3n de la inspectora, que aclar\u00f3 mucho la situaci\u00f3n, ya que admiti\u00f3 que lo que ella vio que no era del campo optom\u00e9trico, solo lo vio en la publicidad, no en el informe emitido por la colegiada.<\/p>\n<blockquote>\n<p>El dictamen de la perito contratada por APOE criticaba a los profesionales de la Optometr\u00eda, llegando a decir que solo deb\u00edan dedicarse a la venta de gafas y lentillas<\/p>\n<\/blockquote>\n<p>Por \u00faltimo, para la Audiencia Provincial, adem\u00e1s del informe del Colegio de M\u00e9dicos de M\u00e1laga ha sido fundamental el informe propuesto por la defensa, realizado por parte del Dr. D. JMSG, optometrista y Profesor Titular de Universidad, del que recoge sus conclusiones m\u00e1s destacadas: las actuaciones llevadas a cabo por la investigada son actividades propias y competencias del \u00f3ptico optometrista. Refiere el informe que tambi\u00e9n abarca pr\u00e1cticas de optometr\u00eda para compensar y neutralizar ametrop\u00edas, desequilibrios de la visi\u00f3n binocular y otras condiciones que no pueden ser resueltas mediante m\u00e9todos \u00f3pticos convencionales. En definitiva, considera la referida pericia que la investigada ha desarrollado las funciones y competencias propias de un \u00f3ptico-optometrista en el diagn\u00f3stico de la hipermetrop\u00eda, astigmatismo, insuficiencia acomodativa, insuficiencia de convergencia e inflexibilidad acomodativa, as\u00ed como evaluaci\u00f3n de la fusi\u00f3n visual y su fragilidad.<\/p>\n<p>Con todo ello, la Audiencia Provincial de M\u00e1laga confirma el archivo de la querella, lo que supone un fuerte varapalo para APOE y sus dirigentes en esa disparatada campa\u00f1a que desarrollan contra la profesi\u00f3n de la \u00d3ptica y Optometr\u00eda, campa\u00f1a en la que no dudan en utilizar ante los tribunales impresentables escritos carentes de todo rigor e informes delirantes y faltos de la m\u00e1s elemental objetividad.<\/p>\n<p style=\"text-align: right\"><strong>Mar\u00eda Elena S\u00e1nchez Castro, abogada colegiada n\u00ba 15.406 del Ilustre Colegio de Abogados de Sevilla<\/strong><\/p>\n<p style=\"text-align: right\"><strong>Antonio S\u00e1nchez Rodr\u00edguez, abogado colegiado n\u00ba 8.909 del Ilustre Colegio de Abogados de Sevilla<\/strong><\/p>\n<p style=\"text-align: right\"><strong>Desler Abogados Empresa encargada de las labores de Asesor\u00eda Jur\u00eddica del COOOA<\/strong><\/p>\n<div id=\"atatags-370373-66684c58b7f94\" style=\"text-align: right\"><\/div>\n<div><\/div>\n<div><\/div>\n<div><\/div>\n<div id=\"wordads-preview-parent\" class=\"wpcnt\">\n<div class=\"wpa\"><\/div>\n<\/div>\n<p>Publicado en <a href=\"https:\/\/coooaoptometria.com\/2024\/06\/11\/la-audiencia-provincial-de-malaga-confirma-el-archivo-de-la-querella-por-intrusismo-presentada-por-la-asociacion-de-oftalmologos-de-espana-apoe-contra-una-optometrista\/\" class=\"autohyperlink\">coooaoptometria.com\/2024\/06\/11\/la-audiencia-provincial-de-malaga-confirma-el-archivo-de-la-querella-por-intrusismo-presentada-por-la-asociacion-de-oftalmologos-de-espana-apoe-contra-una-optometrista\/<\/a><\/p>\n","protected":false},"excerpt":{"rendered":"<p>La Audiencia Provincial de M\u00e1laga ha confirmado el archivo de la querella por intrusismo que present\u00f3 la Asociaci\u00f3n de Oftalm\u00f3logos de Espa\u00f1a (APOE) contra una optometrista malague\u00f1a. El origen del procedimiento surge de la atenci\u00f3n prestada por una optometrista a un menor, de siete a\u00f1os de edad, que fue llevado<\/p>\n","protected":false},"author":2,"featured_media":0,"comment_status":"closed","ping_status":"closed","sticky":false,"template":"","format":"standard","meta":{"footnotes":""},"categories":[10,4],"tags":[],"class_list":["post-3246","post","type-post","status-publish","format-standard","hentry","category-cuidado-ocular","category-espana"],"publishpress_future_action":{"enabled":false,"date":"2026-05-02 08:36:25","action":"change-status","newStatus":"draft","terms":[],"taxonomy":"category","extraData":[]},"publishpress_future_workflow_manual_trigger":{"enabledWorkflows":[]},"_links":{"self":[{"href":"https:\/\/hlrnet.net\/sites\/actu-es\/wp-json\/wp\/v2\/posts\/3246","targetHints":{"allow":["GET"]}}],"collection":[{"href":"https:\/\/hlrnet.net\/sites\/actu-es\/wp-json\/wp\/v2\/posts"}],"about":[{"href":"https:\/\/hlrnet.net\/sites\/actu-es\/wp-json\/wp\/v2\/types\/post"}],"author":[{"embeddable":true,"href":"https:\/\/hlrnet.net\/sites\/actu-es\/wp-json\/wp\/v2\/users\/2"}],"replies":[{"embeddable":true,"href":"https:\/\/hlrnet.net\/sites\/actu-es\/wp-json\/wp\/v2\/comments?post=3246"}],"version-history":[{"count":0,"href":"https:\/\/hlrnet.net\/sites\/actu-es\/wp-json\/wp\/v2\/posts\/3246\/revisions"}],"wp:attachment":[{"href":"https:\/\/hlrnet.net\/sites\/actu-es\/wp-json\/wp\/v2\/media?parent=3246"}],"wp:term":[{"taxonomy":"category","embeddable":true,"href":"https:\/\/hlrnet.net\/sites\/actu-es\/wp-json\/wp\/v2\/categories?post=3246"},{"taxonomy":"post_tag","embeddable":true,"href":"https:\/\/hlrnet.net\/sites\/actu-es\/wp-json\/wp\/v2\/tags?post=3246"}],"curies":[{"name":"wp","href":"https:\/\/api.w.org\/{rel}","templated":true}]}}