{"id":3251,"date":"2024-06-11T14:28:01","date_gmt":"2024-06-11T14:28:01","guid":{"rendered":"http:\/\/coooaoptometria.com\/?p=6975"},"modified":"2024-06-11T14:28:01","modified_gmt":"2024-06-11T14:28:01","slug":"mirando-por-ti-informa-y-aconseja-sobre-salud-visual-y-personas-mayores","status":"publish","type":"post","link":"https:\/\/hlrnet.net\/sites\/actu-es\/2024\/06\/11\/mirando-por-ti-informa-y-aconseja-sobre-salud-visual-y-personas-mayores\/","title":{"rendered":"\u2018Mirando por ti\u2019 informa y aconseja sobre\u2026 Salud visual y personas mayores"},"content":{"rendered":"\n\n<div class=\"kk-star-ratings kksr-auto kksr-align-left kksr-valign-top\"\n    data-payload='{&quot;align&quot;:&quot;left&quot;,&quot;id&quot;:&quot;3251&quot;,&quot;slug&quot;:&quot;default&quot;,&quot;valign&quot;:&quot;top&quot;,&quot;ignore&quot;:&quot;&quot;,&quot;reference&quot;:&quot;auto&quot;,&quot;class&quot;:&quot;&quot;,&quot;count&quot;:&quot;0&quot;,&quot;legendonly&quot;:&quot;&quot;,&quot;readonly&quot;:&quot;&quot;,&quot;score&quot;:&quot;0&quot;,&quot;starsonly&quot;:&quot;&quot;,&quot;best&quot;:&quot;5&quot;,&quot;gap&quot;:&quot;5&quot;,&quot;greet&quot;:&quot;Rate this post&quot;,&quot;legend&quot;:&quot;0\\\/5 - (0 votes)&quot;,&quot;size&quot;:&quot;24&quot;,&quot;title&quot;:&quot;\u2018Mirando por ti\u2019 informa y aconseja sobre\u2026 Salud visual y personas mayores&quot;,&quot;width&quot;:&quot;0&quot;,&quot;_legend&quot;:&quot;{score}\\\/{best} - ({count} {votes})&quot;,&quot;font_factor&quot;:&quot;1.25&quot;}'>\n            \n<div class=\"kksr-stars\">\n    \n<div class=\"kksr-stars-inactive\">\n            <div class=\"kksr-star\" data-star=\"1\" style=\"padding-right: 5px\">\n            \n\n<div class=\"kksr-icon\" style=\"width: 24px; height: 24px;\"><\/div>\n        <\/div>\n            <div class=\"kksr-star\" data-star=\"2\" style=\"padding-right: 5px\">\n            \n\n<div class=\"kksr-icon\" style=\"width: 24px; height: 24px;\"><\/div>\n        <\/div>\n            <div class=\"kksr-star\" data-star=\"3\" style=\"padding-right: 5px\">\n            \n\n<div class=\"kksr-icon\" style=\"width: 24px; height: 24px;\"><\/div>\n        <\/div>\n            <div class=\"kksr-star\" data-star=\"4\" style=\"padding-right: 5px\">\n            \n\n<div class=\"kksr-icon\" style=\"width: 24px; height: 24px;\"><\/div>\n        <\/div>\n            <div class=\"kksr-star\" data-star=\"5\" style=\"padding-right: 5px\">\n            \n\n<div class=\"kksr-icon\" style=\"width: 24px; height: 24px;\"><\/div>\n        <\/div>\n    <\/div>\n    \n<div class=\"kksr-stars-active\" style=\"width: 0px;\">\n            <div class=\"kksr-star\" style=\"padding-right: 5px\">\n            \n\n<div class=\"kksr-icon\" style=\"width: 24px; height: 24px;\"><\/div>\n        <\/div>\n            <div class=\"kksr-star\" style=\"padding-right: 5px\">\n            \n\n<div class=\"kksr-icon\" style=\"width: 24px; height: 24px;\"><\/div>\n        <\/div>\n            <div class=\"kksr-star\" style=\"padding-right: 5px\">\n            \n\n<div class=\"kksr-icon\" style=\"width: 24px; height: 24px;\"><\/div>\n        <\/div>\n            <div class=\"kksr-star\" style=\"padding-right: 5px\">\n            \n\n<div class=\"kksr-icon\" style=\"width: 24px; height: 24px;\"><\/div>\n        <\/div>\n            <div class=\"kksr-star\" style=\"padding-right: 5px\">\n            \n\n<div class=\"kksr-icon\" style=\"width: 24px; height: 24px;\"><\/div>\n        <\/div>\n    <\/div>\n<\/div>\n                \n\n<div class=\"kksr-legend\" style=\"font-size: 19.2px;\">\n            <span class=\"kksr-muted\">Rate this post<\/span>\n    <\/div>\n    <\/div>\n\n<p>En febrero se public\u00f3 un nuevo cap\u00edtulo de la iniciativa <strong>&#8216;Mirando por ti&#8217;,<\/strong> donde se dieron a conocer tem\u00e1ticas relacionadas con las <strong>personas mayores<\/strong> como los trastornos oculares m\u00e1s comunes que surgen cuando la edad aumenta. En este nuevo cap\u00edtulo se ofrecen interesantes cifras acerca del envejecimiento de la poblaci\u00f3n, a cu\u00e1ntas revisiones visuales con el \u00f3ptico-optometrista es recomendable asistir en edades m\u00e1s avanzadas, recomendaciones visuales para mantener una adecuada visi\u00f3n en personas mayores, y se indican cu\u00e1les son las <strong>patolog\u00edas m\u00e1s frecuentes<\/strong> como las cataratas, la DMAE, la retinopat\u00eda diab\u00e9tica o el glaucoma, entre otros interesantes contenidos.<\/p>\n<\/p>\n<figure class=\"wp-block-image size-large\"><a href=\"https:\/\/coooaoptometria.com\/wp-content\/uploads\/2024\/06\/image-37.png\"><img decoding=\"async\" loading=\"lazy\" width=\"1024\" height=\"518\" data-attachment-id=\"7099\" data-permalink=\"https:\/\/coooaoptometria.com\/2024\/06\/11\/mirando-por-ti-informa-y-aconseja-sobre-salud-visual-y-personas-mayores\/image-37-2\/\" data-orig-file=\"https:\/\/coooaoptometria.com\/wp-content\/uploads\/2024\/06\/image-37.png\" data-orig-size=\"1871,947\" data-comments-opened=\"1\" data-image-meta=\"{&quot;aperture&quot;:&quot;0&quot;,&quot;credit&quot;:&quot;&quot;,&quot;camera&quot;:&quot;&quot;,&quot;caption&quot;:&quot;&quot;,&quot;created_timestamp&quot;:&quot;0&quot;,&quot;copyright&quot;:&quot;&quot;,&quot;focal_length&quot;:&quot;0&quot;,&quot;iso&quot;:&quot;0&quot;,&quot;shutter_speed&quot;:&quot;0&quot;,&quot;title&quot;:&quot;&quot;,&quot;orientation&quot;:&quot;0&quot;}\" data-image-title=\"image-37\" data-image-description=\"\" data-image-caption=\"\" data-medium-file=\"https:\/\/coooaoptometria.com\/wp-content\/uploads\/2024\/06\/image-37.png?w=300\" data-large-file=\"https:\/\/coooaoptometria.com\/wp-content\/uploads\/2024\/06\/image-37.png?w=700\" class=\"wp-image-7099\" src=\"https:\/\/coooaoptometria.com\/wp-content\/uploads\/2024\/06\/image-37.png?w=1024\" alt=\"\" \/><\/a><\/figure>\n<\/p>\n<p><strong>Ricardo Cubiella<\/strong>, \u00f3ptico-optometrista colegiado andaluz, es el profesional invitado encargado de abordar estos y otros contenidos relacionados en este videoblog destinado a la poblaci\u00f3n y, en especial, la de edad m\u00e1s avanzada.<\/p>\n<p>\u00a0<\/p>\n<p class=\"has-text-align-right\" style=\"text-align: left\"><strong>Accede el video-blog en Youtube:<\/strong><\/p>\n<figure class=\"wp-block-embed is-type-video is-provider-youtube wp-block-embed-youtube wp-embed-aspect-16-9 wp-has-aspect-ratio\">\n<div class=\"wp-block-embed__wrapper\">\n<iframe loading=\"lazy\" class=\"youtube-player\" width=\"700\" height=\"394\" src=\"https:\/\/www.youtube.com\/embed\/6o7RacdM6Js?version=3&#038;rel=1&#038;showsearch=0&#038;showinfo=1&#038;iv_load_policy=1&#038;fs=1&#038;hl=es&#038;autohide=2&#038;wmode=transparent\" allowfullscreen=\"true\" style=\"border:0;\" sandbox=\"allow-scripts allow-same-origin allow-popups allow-presentation allow-popups-to-escape-sandbox\"><\/iframe>\n<\/div>\n<\/figure>\n<p><strong>Accede al podcast en iVoox:<\/strong> <a href=\"https:\/\/www.ivoox.com\/mirando-ti-1x14-salud-visual-y-audios-mp3_rf_123801089_1.html\">www.ivoox.com\/mirando-ti-1&#215;14-salud-visual-y-audios-mp3_rf_123801089_1.html<\/a><\/p>\n<\/p>\n<p><strong>Accede al podcast en Spotify:\u00a0<\/strong><a href=\"https:\/\/open.spotify.com\/episode\/7qYyRQarfJ9pe6o6prPBJu?si=18-McAftS2Gdz6VQkGJswg\">open.spotify.com\/episode\/7qYyRQarfJ9pe6o6prPBJu?si=aWo-WUtgQCSGPYSrZJTpQQ&#038;nd=1&#038;dlsi=d691f2b405f4463b<\/a><\/p>\n<p>Publicado en <a href=\"https:\/\/coooaoptometria.com\/2024\/06\/11\/mirando-por-ti-informa-y-aconseja-sobre-salud-visual-y-personas-mayores\/\" class=\"autohyperlink\">coooaoptometria.com\/2024\/06\/11\/mirando-por-ti-informa-y-aconseja-sobre-salud-visual-y-personas-mayores\/<\/a><\/p>\n","protected":false},"excerpt":{"rendered":"<p>En febrero se public\u00f3 un nuevo cap\u00edtulo de la iniciativa &#8216;Mirando por ti&#8217;, donde se dieron a conocer tem\u00e1ticas relacionadas con las personas mayores como los trastornos oculares m\u00e1s comunes que surgen cuando la edad aumenta. En este nuevo cap\u00edtulo se ofrecen interesantes cifras acerca del envejecimiento de la poblaci\u00f3n,<\/p>\n","protected":false},"author":2,"featured_media":0,"comment_status":"closed","ping_status":"closed","sticky":false,"template":"","format":"standard","meta":{"footnotes":""},"categories":[10,4],"tags":[],"class_list":["post-3251","post","type-post","status-publish","format-standard","hentry","category-cuidado-ocular","category-espana"],"publishpress_future_action":{"enabled":false,"date":"2026-05-02 06:42:12","action":"change-status","newStatus":"draft","terms":[],"taxonomy":"category","extraData":[]},"publishpress_future_workflow_manual_trigger":{"enabledWorkflows":[]},"_links":{"self":[{"href":"https:\/\/hlrnet.net\/sites\/actu-es\/wp-json\/wp\/v2\/posts\/3251","targetHints":{"allow":["GET"]}}],"collection":[{"href":"https:\/\/hlrnet.net\/sites\/actu-es\/wp-json\/wp\/v2\/posts"}],"about":[{"href":"https:\/\/hlrnet.net\/sites\/actu-es\/wp-json\/wp\/v2\/types\/post"}],"author":[{"embeddable":true,"href":"https:\/\/hlrnet.net\/sites\/actu-es\/wp-json\/wp\/v2\/users\/2"}],"replies":[{"embeddable":true,"href":"https:\/\/hlrnet.net\/sites\/actu-es\/wp-json\/wp\/v2\/comments?post=3251"}],"version-history":[{"count":0,"href":"https:\/\/hlrnet.net\/sites\/actu-es\/wp-json\/wp\/v2\/posts\/3251\/revisions"}],"wp:attachment":[{"href":"https:\/\/hlrnet.net\/sites\/actu-es\/wp-json\/wp\/v2\/media?parent=3251"}],"wp:term":[{"taxonomy":"category","embeddable":true,"href":"https:\/\/hlrnet.net\/sites\/actu-es\/wp-json\/wp\/v2\/categories?post=3251"},{"taxonomy":"post_tag","embeddable":true,"href":"https:\/\/hlrnet.net\/sites\/actu-es\/wp-json\/wp\/v2\/tags?post=3251"}],"curies":[{"name":"wp","href":"https:\/\/api.w.org\/{rel}","templated":true}]}}