{"id":3390,"date":"2024-10-11T10:25:57","date_gmt":"2024-10-11T10:25:57","guid":{"rendered":"http:\/\/coooaoptometria.com\/?p=7146"},"modified":"2024-10-11T10:25:57","modified_gmt":"2024-10-11T10:25:57","slug":"el-coooa-galardona-a-los-alumnos-con-mejor-expediente-y-a-los-mejores-tfg-de-los-estudios-de-optica-y-optometria-de-la-universidad-de-sevilla","status":"publish","type":"post","link":"https:\/\/hlrnet.net\/sites\/actu-es\/2024\/10\/11\/el-coooa-galardona-a-los-alumnos-con-mejor-expediente-y-a-los-mejores-tfg-de-los-estudios-de-optica-y-optometria-de-la-universidad-de-sevilla\/","title":{"rendered":"El COOOA galardona a los alumnos con mejor expediente y a los mejores TFG de los estudios de \u00d3ptica y Optometr\u00eda de la Universidad de Sevilla"},"content":{"rendered":"\n\n<div class=\"kk-star-ratings kksr-auto kksr-align-left kksr-valign-top\"\n    data-payload='{&quot;align&quot;:&quot;left&quot;,&quot;id&quot;:&quot;3390&quot;,&quot;slug&quot;:&quot;default&quot;,&quot;valign&quot;:&quot;top&quot;,&quot;ignore&quot;:&quot;&quot;,&quot;reference&quot;:&quot;auto&quot;,&quot;class&quot;:&quot;&quot;,&quot;count&quot;:&quot;0&quot;,&quot;legendonly&quot;:&quot;&quot;,&quot;readonly&quot;:&quot;&quot;,&quot;score&quot;:&quot;0&quot;,&quot;starsonly&quot;:&quot;&quot;,&quot;best&quot;:&quot;5&quot;,&quot;gap&quot;:&quot;5&quot;,&quot;greet&quot;:&quot;Rate this post&quot;,&quot;legend&quot;:&quot;0\\\/5 - (0 votes)&quot;,&quot;size&quot;:&quot;24&quot;,&quot;title&quot;:&quot;El COOOA galardona a los alumnos con mejor expediente y a los mejores TFG de los estudios de \u00d3ptica y Optometr\u00eda de la Universidad de Sevilla&quot;,&quot;width&quot;:&quot;0&quot;,&quot;_legend&quot;:&quot;{score}\\\/{best} - ({count} {votes})&quot;,&quot;font_factor&quot;:&quot;1.25&quot;}'>\n            \n<div class=\"kksr-stars\">\n    \n<div class=\"kksr-stars-inactive\">\n            <div class=\"kksr-star\" data-star=\"1\" style=\"padding-right: 5px\">\n            \n\n<div class=\"kksr-icon\" style=\"width: 24px; height: 24px;\"><\/div>\n        <\/div>\n            <div class=\"kksr-star\" data-star=\"2\" style=\"padding-right: 5px\">\n            \n\n<div class=\"kksr-icon\" style=\"width: 24px; height: 24px;\"><\/div>\n        <\/div>\n            <div class=\"kksr-star\" data-star=\"3\" style=\"padding-right: 5px\">\n            \n\n<div class=\"kksr-icon\" style=\"width: 24px; height: 24px;\"><\/div>\n        <\/div>\n            <div class=\"kksr-star\" data-star=\"4\" style=\"padding-right: 5px\">\n            \n\n<div class=\"kksr-icon\" style=\"width: 24px; height: 24px;\"><\/div>\n        <\/div>\n            <div class=\"kksr-star\" data-star=\"5\" style=\"padding-right: 5px\">\n            \n\n<div class=\"kksr-icon\" style=\"width: 24px; height: 24px;\"><\/div>\n        <\/div>\n    <\/div>\n    \n<div class=\"kksr-stars-active\" style=\"width: 0px;\">\n            <div class=\"kksr-star\" style=\"padding-right: 5px\">\n            \n\n<div class=\"kksr-icon\" style=\"width: 24px; height: 24px;\"><\/div>\n        <\/div>\n            <div class=\"kksr-star\" style=\"padding-right: 5px\">\n            \n\n<div class=\"kksr-icon\" style=\"width: 24px; height: 24px;\"><\/div>\n        <\/div>\n            <div class=\"kksr-star\" style=\"padding-right: 5px\">\n            \n\n<div class=\"kksr-icon\" style=\"width: 24px; height: 24px;\"><\/div>\n        <\/div>\n            <div class=\"kksr-star\" style=\"padding-right: 5px\">\n            \n\n<div class=\"kksr-icon\" style=\"width: 24px; height: 24px;\"><\/div>\n        <\/div>\n            <div class=\"kksr-star\" style=\"padding-right: 5px\">\n            \n\n<div class=\"kksr-icon\" style=\"width: 24px; height: 24px;\"><\/div>\n        <\/div>\n    <\/div>\n<\/div>\n                \n\n<div class=\"kksr-legend\" style=\"font-size: 19.2px;\">\n            <span class=\"kksr-muted\">Rate this post<\/span>\n    <\/div>\n    <\/div>\n<br \/>\n<h3>Adem\u00e1s de los reconocimientos otorgados por la C\u00e1tedra Daza de Vald\u00e9s del COOOA y la Universidad de Sevilla, que recayeron en Marta Hoces, Sandra Ramos y Antonio Cabanes, Blanca Fern\u00e1ndez, decana-presidenta del COOOA, tambi\u00e9n hizo entrega de un galard\u00f3n especial a Carolina Crespo y Juan Jos\u00e9 Losada por la obtenci\u00f3n de los mejores expedientes de sus promociones.<\/h3>\n<p>&nbsp;<\/p>\n<p>El pasado 14 de junio la <strong>Facultad de Farmacia de la Universidad de Sevilla<\/strong> acogi\u00f3 el acto acad\u00e9mico de Graduaci\u00f3n de la <strong>X Promoci\u00f3n del Grado en \u00d3ptica y Optometr\u00eda<\/strong> y la <strong>VIII del Doble Grado en Farmacia y \u00d3ptica y Optometr\u00eda<\/strong>.<\/p>\n<p><img loading=\"lazy\" decoding=\"async\" data-attachment-id=\"7258\" data-permalink=\"https:\/\/coooaoptometria.com\/2024\/10\/11\/el-coooa-galardona-a-los-alumnos-con-mejor-expediente-y-a-los-mejores-tfg-de-los-estudios-de-optica-y-optometria-de-la-universidad-de-sevilla\/graduacion-universidad-sevilla\/\" data-orig-file=\"https:\/\/coooaoptometria.com\/wp-content\/uploads\/2024\/10\/graduacion-universidad-sevilla.jpg\" data-orig-size=\"1364,739\" data-comments-opened=\"1\" data-image-meta=\"{&quot;aperture&quot;:&quot;0&quot;,&quot;credit&quot;:&quot;Daniel&quot;,&quot;camera&quot;:&quot;&quot;,&quot;caption&quot;:&quot;&quot;,&quot;created_timestamp&quot;:&quot;1728638571&quot;,&quot;copyright&quot;:&quot;&quot;,&quot;focal_length&quot;:&quot;0&quot;,&quot;iso&quot;:&quot;0&quot;,&quot;shutter_speed&quot;:&quot;0&quot;,&quot;title&quot;:&quot;&quot;,&quot;orientation&quot;:&quot;0&quot;}\" data-image-title=\"graduacion universidad sevilla\" data-image-description=\"\" data-image-caption=\"&lt;p&gt;Graduaci\u00f3n alumnos de \u00d3ptica y Optometr\u00eda de la Universidad de Sevilla &lt;\/p&gt; \" data-medium-file=\"https:\/\/coooaoptometria.com\/wp-content\/uploads\/2024\/10\/graduacion-universidad-sevilla.jpg?w=300\" data-large-file=\"https:\/\/coooaoptometria.com\/wp-content\/uploads\/2024\/10\/graduacion-universidad-sevilla.jpg?w=700\" tabindex=\"0\" role=\"button\" class=\"aligncenter size-large wp-image-7258\" src=\"https:\/\/coooaoptometria.com\/wp-content\/uploads\/2024\/10\/graduacion-universidad-sevilla.jpg?w=700\" alt=\"\" width=\"700\" height=\"379\" \/><\/p>\n<p>En el evento, el <strong>Colegio Oficial de \u00d3pticos-Optometristas de Andaluc\u00eda<\/strong> estuvo representados por <strong>Blanca Fern\u00e1ndez<\/strong>, decana-presidenta, y <strong>Esteban Moreno<\/strong>, en calidad de vocal de relaci\u00f3n con universidades. Fern\u00e1ndez, durante su intervenci\u00f3n, destac\u00f3 la labor y esfuerzo realizados por los alumnos durante su \u00e9poca de estudiantes y les dio la bienvenida a una nueva etapa en sus vidas donde comenzar\u00e1n a formar parte del colectivo profesional de \u00f3pticos-optometristas e ingresar\u00e1n como nuevos colegiados del COOOA.<\/p>\n<p>Durante el acto se llevaron a cabo la <strong>lectura del juramento del farmac\u00e9utico y del \u00f3ptico-optometrista<\/strong>, por parte de los alumnos Juan Jes\u00fas Ferrero y Marta Pavo, respectivamente. Adem\u00e1s, el alumnado entreg\u00f3 una serie de distinciones acad\u00e9micas al profesorado, en reconocimiento a su labor docente.<\/p>\n<p>Asimismo, Fern\u00e1ndez y Moral entregaron los <strong>premios al mejor expediente acad\u00e9mico<\/strong> de la promoci\u00f3n del Grado en \u00d3ptica y Optometr\u00eda a Carolina Crespo, y del Doble Grado en Farmacia y \u00d3ptica y Optometr\u00eda a Juan Jos\u00e9 Losada; y los reconocimientos de la C\u00e1tedra de Optometr\u00eda Daza de Vald\u00e9s, a Marta Hoces como primer premio, y dos acc\u00e9sits que recayeron en Sandra Ramos y Antonio Cabanes.<\/p>\n<p> <a href='https:\/\/coooaoptometria.com\/2024\/10\/11\/el-coooa-galardona-a-los-alumnos-con-mejor-expediente-y-a-los-mejores-tfg-de-los-estudios-de-optica-y-optometria-de-la-universidad-de-sevilla\/graduacion-universidad-sevilla\/'><img loading=\"lazy\" width=\"300\" height=\"163\" src=\"https:\/\/coooaoptometria.com\/wp-content\/uploads\/2024\/10\/graduacion-universidad-sevilla.jpg?w=300\" class=\"attachment-medium size-medium\" alt=\"\" decoding=\"async\" data-attachment-id=\"7258\" data-permalink=\"https:\/\/coooaoptometria.com\/2024\/10\/11\/el-coooa-galardona-a-los-alumnos-con-mejor-expediente-y-a-los-mejores-tfg-de-los-estudios-de-optica-y-optometria-de-la-universidad-de-sevilla\/graduacion-universidad-sevilla\/\" data-orig-file=\"https:\/\/coooaoptometria.com\/wp-content\/uploads\/2024\/10\/graduacion-universidad-sevilla.jpg\" data-orig-size=\"1364,739\" data-comments-opened=\"1\" data-image-meta=\"{&quot;aperture&quot;:&quot;0&quot;,&quot;credit&quot;:&quot;Daniel&quot;,&quot;camera&quot;:&quot;&quot;,&quot;caption&quot;:&quot;&quot;,&quot;created_timestamp&quot;:&quot;1728638571&quot;,&quot;copyright&quot;:&quot;&quot;,&quot;focal_length&quot;:&quot;0&quot;,&quot;iso&quot;:&quot;0&quot;,&quot;shutter_speed&quot;:&quot;0&quot;,&quot;title&quot;:&quot;&quot;,&quot;orientation&quot;:&quot;0&quot;}\" data-image-title=\"graduacion universidad sevilla\" data-image-description=\"\" data-image-caption=\"&lt;p&gt;Graduaci\u00f3n alumnos de \u00d3ptica y Optometr\u00eda de la Universidad de Sevilla &lt;\/p&gt; \" data-medium-file=\"https:\/\/coooaoptometria.com\/wp-content\/uploads\/2024\/10\/graduacion-universidad-sevilla.jpg?w=300\" data-large-file=\"https:\/\/coooaoptometria.com\/wp-content\/uploads\/2024\/10\/graduacion-universidad-sevilla.jpg?w=700\" tabindex=\"0\" role=\"button\" \/><\/a><br \/>\n<a href='https:\/\/coooaoptometria.com\/graduacion-sevilla-12\/'><img loading=\"lazy\" width=\"300\" height=\"165\" src=\"https:\/\/coooaoptometria.com\/wp-content\/uploads\/2024\/10\/graduacion-sevilla-12.jpg?w=300\" class=\"attachment-medium size-medium\" alt=\"\" decoding=\"async\" data-attachment-id=\"7257\" data-permalink=\"https:\/\/coooaoptometria.com\/graduacion-sevilla-12\/\" data-orig-file=\"https:\/\/coooaoptometria.com\/wp-content\/uploads\/2024\/10\/graduacion-sevilla-12.jpg\" data-orig-size=\"1328,729\" data-comments-opened=\"1\" data-image-meta=\"{&quot;aperture&quot;:&quot;0&quot;,&quot;credit&quot;:&quot;Daniel&quot;,&quot;camera&quot;:&quot;&quot;,&quot;caption&quot;:&quot;&quot;,&quot;created_timestamp&quot;:&quot;1728638806&quot;,&quot;copyright&quot;:&quot;&quot;,&quot;focal_length&quot;:&quot;0&quot;,&quot;iso&quot;:&quot;0&quot;,&quot;shutter_speed&quot;:&quot;0&quot;,&quot;title&quot;:&quot;&quot;,&quot;orientation&quot;:&quot;0&quot;}\" data-image-title=\"graduacion sevilla 12\" data-image-description=\"\" data-image-caption=\"&lt;p&gt;Graduaci\u00f3n alumnos de \u00d3ptica y Optometr\u00eda de la Universidad de Sevilla &lt;\/p&gt; \" data-medium-file=\"https:\/\/coooaoptometria.com\/wp-content\/uploads\/2024\/10\/graduacion-sevilla-12.jpg?w=300\" data-large-file=\"https:\/\/coooaoptometria.com\/wp-content\/uploads\/2024\/10\/graduacion-sevilla-12.jpg?w=700\" tabindex=\"0\" role=\"button\" \/><\/a><br \/>\n<a href='https:\/\/coooaoptometria.com\/graduacion-sevilla-11\/'><img loading=\"lazy\" width=\"300\" height=\"166\" src=\"https:\/\/coooaoptometria.com\/wp-content\/uploads\/2024\/10\/graduacion-sevilla-11.jpg?w=300\" class=\"attachment-medium size-medium\" alt=\"\" decoding=\"async\" data-attachment-id=\"7256\" data-permalink=\"https:\/\/coooaoptometria.com\/graduacion-sevilla-11\/\" data-orig-file=\"https:\/\/coooaoptometria.com\/wp-content\/uploads\/2024\/10\/graduacion-sevilla-11.jpg\" data-orig-size=\"1326,732\" data-comments-opened=\"1\" data-image-meta=\"{&quot;aperture&quot;:&quot;0&quot;,&quot;credit&quot;:&quot;Daniel&quot;,&quot;camera&quot;:&quot;&quot;,&quot;caption&quot;:&quot;&quot;,&quot;created_timestamp&quot;:&quot;1728638791&quot;,&quot;copyright&quot;:&quot;&quot;,&quot;focal_length&quot;:&quot;0&quot;,&quot;iso&quot;:&quot;0&quot;,&quot;shutter_speed&quot;:&quot;0&quot;,&quot;title&quot;:&quot;&quot;,&quot;orientation&quot;:&quot;0&quot;}\" data-image-title=\"graduacion sevilla 11\" data-image-description=\"\" data-image-caption=\"&lt;p&gt;Graduaci\u00f3n alumnos de \u00d3ptica y Optometr\u00eda de la Universidad de Sevilla &lt;\/p&gt; \" data-medium-file=\"https:\/\/coooaoptometria.com\/wp-content\/uploads\/2024\/10\/graduacion-sevilla-11.jpg?w=300\" data-large-file=\"https:\/\/coooaoptometria.com\/wp-content\/uploads\/2024\/10\/graduacion-sevilla-11.jpg?w=700\" tabindex=\"0\" role=\"button\" \/><\/a><br \/>\n<a href='https:\/\/coooaoptometria.com\/graduacion-sevilla-10\/'><img loading=\"lazy\" width=\"300\" height=\"166\" src=\"https:\/\/coooaoptometria.com\/wp-content\/uploads\/2024\/10\/graduacion-sevilla-10.jpg?w=300\" class=\"attachment-medium size-medium\" alt=\"\" decoding=\"async\" data-attachment-id=\"7255\" data-permalink=\"https:\/\/coooaoptometria.com\/graduacion-sevilla-10\/\" data-orig-file=\"https:\/\/coooaoptometria.com\/wp-content\/uploads\/2024\/10\/graduacion-sevilla-10.jpg\" data-orig-size=\"1325,732\" data-comments-opened=\"1\" data-image-meta=\"{&quot;aperture&quot;:&quot;0&quot;,&quot;credit&quot;:&quot;Daniel&quot;,&quot;camera&quot;:&quot;&quot;,&quot;caption&quot;:&quot;&quot;,&quot;created_timestamp&quot;:&quot;1728638765&quot;,&quot;copyright&quot;:&quot;&quot;,&quot;focal_length&quot;:&quot;0&quot;,&quot;iso&quot;:&quot;0&quot;,&quot;shutter_speed&quot;:&quot;0&quot;,&quot;title&quot;:&quot;&quot;,&quot;orientation&quot;:&quot;0&quot;}\" data-image-title=\"graduacion sevilla 10\" data-image-description=\"\" data-image-caption=\"&lt;p&gt;Blanca Fern\u00e1ndez, decana-presidenta del COOOA&lt;\/p&gt; \" data-medium-file=\"https:\/\/coooaoptometria.com\/wp-content\/uploads\/2024\/10\/graduacion-sevilla-10.jpg?w=300\" data-large-file=\"https:\/\/coooaoptometria.com\/wp-content\/uploads\/2024\/10\/graduacion-sevilla-10.jpg?w=700\" tabindex=\"0\" role=\"button\" \/><\/a><br \/>\n<a href='https:\/\/coooaoptometria.com\/graduacion-sevilla-4\/'><img loading=\"lazy\" width=\"300\" height=\"166\" src=\"https:\/\/coooaoptometria.com\/wp-content\/uploads\/2024\/10\/graduacion-sevilla-4.jpg?w=300\" class=\"attachment-medium size-medium\" alt=\"\" decoding=\"async\" data-attachment-id=\"7249\" data-permalink=\"https:\/\/coooaoptometria.com\/graduacion-sevilla-4\/\" data-orig-file=\"https:\/\/coooaoptometria.com\/wp-content\/uploads\/2024\/10\/graduacion-sevilla-4.jpg\" data-orig-size=\"1325,734\" data-comments-opened=\"1\" data-image-meta=\"{&quot;aperture&quot;:&quot;0&quot;,&quot;credit&quot;:&quot;Daniel&quot;,&quot;camera&quot;:&quot;&quot;,&quot;caption&quot;:&quot;&quot;,&quot;created_timestamp&quot;:&quot;1728638651&quot;,&quot;copyright&quot;:&quot;&quot;,&quot;focal_length&quot;:&quot;0&quot;,&quot;iso&quot;:&quot;0&quot;,&quot;shutter_speed&quot;:&quot;0&quot;,&quot;title&quot;:&quot;&quot;,&quot;orientation&quot;:&quot;0&quot;}\" data-image-title=\"graduacion sevilla 4\" data-image-description=\"\" data-image-caption=\"&lt;p&gt;Galardones a alumnos reconocidos por sus mejores expedientes y trabajos de fin de grado&lt;\/p&gt; \" data-medium-file=\"https:\/\/coooaoptometria.com\/wp-content\/uploads\/2024\/10\/graduacion-sevilla-4.jpg?w=300\" data-large-file=\"https:\/\/coooaoptometria.com\/wp-content\/uploads\/2024\/10\/graduacion-sevilla-4.jpg?w=700\" tabindex=\"0\" role=\"button\" \/><\/a><br \/>\n<a href='https:\/\/coooaoptometria.com\/graduacion-sevilla-5\/'><img loading=\"lazy\" width=\"300\" height=\"166\" src=\"https:\/\/coooaoptometria.com\/wp-content\/uploads\/2024\/10\/graduacion-sevilla-5.jpg?w=300\" class=\"attachment-medium size-medium\" alt=\"\" decoding=\"async\" data-attachment-id=\"7250\" data-permalink=\"https:\/\/coooaoptometria.com\/graduacion-sevilla-5\/\" data-orig-file=\"https:\/\/coooaoptometria.com\/wp-content\/uploads\/2024\/10\/graduacion-sevilla-5.jpg\" data-orig-size=\"1325,733\" data-comments-opened=\"1\" data-image-meta=\"{&quot;aperture&quot;:&quot;0&quot;,&quot;credit&quot;:&quot;Daniel&quot;,&quot;camera&quot;:&quot;&quot;,&quot;caption&quot;:&quot;&quot;,&quot;created_timestamp&quot;:&quot;1728638671&quot;,&quot;copyright&quot;:&quot;&quot;,&quot;focal_length&quot;:&quot;0&quot;,&quot;iso&quot;:&quot;0&quot;,&quot;shutter_speed&quot;:&quot;0&quot;,&quot;title&quot;:&quot;&quot;,&quot;orientation&quot;:&quot;0&quot;}\" data-image-title=\"graduacion sevilla 5\" data-image-description=\"\" data-image-caption=\"&lt;p&gt;Galardones a alumnos reconocidos por sus mejores expedientes y trabajos de fin de grado&lt;\/p&gt; \" data-medium-file=\"https:\/\/coooaoptometria.com\/wp-content\/uploads\/2024\/10\/graduacion-sevilla-5.jpg?w=300\" data-large-file=\"https:\/\/coooaoptometria.com\/wp-content\/uploads\/2024\/10\/graduacion-sevilla-5.jpg?w=700\" tabindex=\"0\" role=\"button\" \/><\/a><br \/>\n<a href='https:\/\/coooaoptometria.com\/graduacion-sevilla-9\/'><img loading=\"lazy\" width=\"300\" height=\"165\" src=\"https:\/\/coooaoptometria.com\/wp-content\/uploads\/2024\/10\/graduacion-sevilla-9.jpg?w=300\" class=\"attachment-medium size-medium\" alt=\"\" decoding=\"async\" data-attachment-id=\"7254\" data-permalink=\"https:\/\/coooaoptometria.com\/graduacion-sevilla-9\/\" data-orig-file=\"https:\/\/coooaoptometria.com\/wp-content\/uploads\/2024\/10\/graduacion-sevilla-9.jpg\" data-orig-size=\"1331,731\" data-comments-opened=\"1\" data-image-meta=\"{&quot;aperture&quot;:&quot;0&quot;,&quot;credit&quot;:&quot;Daniel&quot;,&quot;camera&quot;:&quot;&quot;,&quot;caption&quot;:&quot;&quot;,&quot;created_timestamp&quot;:&quot;1728638745&quot;,&quot;copyright&quot;:&quot;&quot;,&quot;focal_length&quot;:&quot;0&quot;,&quot;iso&quot;:&quot;0&quot;,&quot;shutter_speed&quot;:&quot;0&quot;,&quot;title&quot;:&quot;&quot;,&quot;orientation&quot;:&quot;0&quot;}\" data-image-title=\"graduacion sevilla 9\" data-image-description=\"\" data-image-caption=\"&lt;p&gt;Galardones a alumnos reconocidos por sus mejores expedientes y trabajos de fin de grado&lt;\/p&gt; \" data-medium-file=\"https:\/\/coooaoptometria.com\/wp-content\/uploads\/2024\/10\/graduacion-sevilla-9.jpg?w=300\" data-large-file=\"https:\/\/coooaoptometria.com\/wp-content\/uploads\/2024\/10\/graduacion-sevilla-9.jpg?w=700\" tabindex=\"0\" role=\"button\" \/><\/a><br \/>\n<a href='https:\/\/coooaoptometria.com\/graduacion-sevilla-8\/'><img loading=\"lazy\" width=\"300\" height=\"220\" src=\"https:\/\/coooaoptometria.com\/wp-content\/uploads\/2024\/10\/graduacion-sevilla-8.jpg?w=300\" class=\"attachment-medium size-medium\" alt=\"\" decoding=\"async\" data-attachment-id=\"7253\" data-permalink=\"https:\/\/coooaoptometria.com\/graduacion-sevilla-8\/\" data-orig-file=\"https:\/\/coooaoptometria.com\/wp-content\/uploads\/2024\/10\/graduacion-sevilla-8.jpg\" data-orig-size=\"857,629\" data-comments-opened=\"1\" data-image-meta=\"{&quot;aperture&quot;:&quot;0&quot;,&quot;credit&quot;:&quot;Daniel&quot;,&quot;camera&quot;:&quot;&quot;,&quot;caption&quot;:&quot;&quot;,&quot;created_timestamp&quot;:&quot;1728638729&quot;,&quot;copyright&quot;:&quot;&quot;,&quot;focal_length&quot;:&quot;0&quot;,&quot;iso&quot;:&quot;0&quot;,&quot;shutter_speed&quot;:&quot;0&quot;,&quot;title&quot;:&quot;&quot;,&quot;orientation&quot;:&quot;0&quot;}\" data-image-title=\"graduacion sevilla 8\" data-image-description=\"\" data-image-caption=\"&lt;p&gt;Reconocimientos a profesores&lt;\/p&gt; \" data-medium-file=\"https:\/\/coooaoptometria.com\/wp-content\/uploads\/2024\/10\/graduacion-sevilla-8.jpg?w=300\" data-large-file=\"https:\/\/coooaoptometria.com\/wp-content\/uploads\/2024\/10\/graduacion-sevilla-8.jpg?w=700\" tabindex=\"0\" role=\"button\" \/><\/a><br \/>\n<a href='https:\/\/coooaoptometria.com\/graduacion-sevilla-7\/'><img loading=\"lazy\" width=\"300\" height=\"230\" src=\"https:\/\/coooaoptometria.com\/wp-content\/uploads\/2024\/10\/graduacion-sevilla-7.jpg?w=300\" class=\"attachment-medium size-medium\" alt=\"\" decoding=\"async\" data-attachment-id=\"7252\" data-permalink=\"https:\/\/coooaoptometria.com\/graduacion-sevilla-7\/\" data-orig-file=\"https:\/\/coooaoptometria.com\/wp-content\/uploads\/2024\/10\/graduacion-sevilla-7.jpg\" data-orig-size=\"858,657\" data-comments-opened=\"1\" data-image-meta=\"{&quot;aperture&quot;:&quot;0&quot;,&quot;credit&quot;:&quot;Daniel&quot;,&quot;camera&quot;:&quot;&quot;,&quot;caption&quot;:&quot;&quot;,&quot;created_timestamp&quot;:&quot;1728638706&quot;,&quot;copyright&quot;:&quot;&quot;,&quot;focal_length&quot;:&quot;0&quot;,&quot;iso&quot;:&quot;0&quot;,&quot;shutter_speed&quot;:&quot;0&quot;,&quot;title&quot;:&quot;&quot;,&quot;orientation&quot;:&quot;0&quot;}\" data-image-title=\"graduacion sevilla 7\" data-image-description=\"\" data-image-caption=\"&lt;p&gt;Reconocimientos a profesores&lt;\/p&gt; \" data-medium-file=\"https:\/\/coooaoptometria.com\/wp-content\/uploads\/2024\/10\/graduacion-sevilla-7.jpg?w=300\" data-large-file=\"https:\/\/coooaoptometria.com\/wp-content\/uploads\/2024\/10\/graduacion-sevilla-7.jpg?w=700\" tabindex=\"0\" role=\"button\" \/><\/a><br \/>\n<a href='https:\/\/coooaoptometria.com\/graduacion-sevilla-6\/'><img loading=\"lazy\" width=\"300\" height=\"200\" src=\"https:\/\/coooaoptometria.com\/wp-content\/uploads\/2024\/10\/graduacion-sevilla-6.jpg?w=300\" class=\"attachment-medium size-medium\" alt=\"\" decoding=\"async\" data-attachment-id=\"7251\" data-permalink=\"https:\/\/coooaoptometria.com\/graduacion-sevilla-6\/\" data-orig-file=\"https:\/\/coooaoptometria.com\/wp-content\/uploads\/2024\/10\/graduacion-sevilla-6.jpg\" data-orig-size=\"863,576\" data-comments-opened=\"1\" data-image-meta=\"{&quot;aperture&quot;:&quot;0&quot;,&quot;credit&quot;:&quot;Daniel&quot;,&quot;camera&quot;:&quot;&quot;,&quot;caption&quot;:&quot;&quot;,&quot;created_timestamp&quot;:&quot;1728638687&quot;,&quot;copyright&quot;:&quot;&quot;,&quot;focal_length&quot;:&quot;0&quot;,&quot;iso&quot;:&quot;0&quot;,&quot;shutter_speed&quot;:&quot;0&quot;,&quot;title&quot;:&quot;&quot;,&quot;orientation&quot;:&quot;0&quot;}\" data-image-title=\"graduacion sevilla 6\" data-image-description=\"\" data-image-caption=\"&lt;p&gt;Reconocimientos a profesores&lt;\/p&gt; \" data-medium-file=\"https:\/\/coooaoptometria.com\/wp-content\/uploads\/2024\/10\/graduacion-sevilla-6.jpg?w=300\" data-large-file=\"https:\/\/coooaoptometria.com\/wp-content\/uploads\/2024\/10\/graduacion-sevilla-6.jpg?w=700\" tabindex=\"0\" role=\"button\" \/><\/a><br \/>\n<a href='https:\/\/coooaoptometria.com\/graduacion-sevilla-3\/'><img loading=\"lazy\" width=\"300\" height=\"166\" src=\"https:\/\/coooaoptometria.com\/wp-content\/uploads\/2024\/10\/graduacion-sevilla-3.jpg?w=300\" class=\"attachment-medium size-medium\" alt=\"\" decoding=\"async\" data-attachment-id=\"7248\" data-permalink=\"https:\/\/coooaoptometria.com\/graduacion-sevilla-3\/\" data-orig-file=\"https:\/\/coooaoptometria.com\/wp-content\/uploads\/2024\/10\/graduacion-sevilla-3.jpg\" data-orig-size=\"1327,735\" data-comments-opened=\"1\" data-image-meta=\"{&quot;aperture&quot;:&quot;0&quot;,&quot;credit&quot;:&quot;Daniel&quot;,&quot;camera&quot;:&quot;&quot;,&quot;caption&quot;:&quot;&quot;,&quot;created_timestamp&quot;:&quot;1728638633&quot;,&quot;copyright&quot;:&quot;&quot;,&quot;focal_length&quot;:&quot;0&quot;,&quot;iso&quot;:&quot;0&quot;,&quot;shutter_speed&quot;:&quot;0&quot;,&quot;title&quot;:&quot;&quot;,&quot;orientation&quot;:&quot;0&quot;}\" data-image-title=\"graduacion sevilla 3\" data-image-description=\"\" data-image-caption=\"&lt;p&gt;Mesa de representantes acad\u00e9micos e institucionales&lt;\/p&gt; \" data-medium-file=\"https:\/\/coooaoptometria.com\/wp-content\/uploads\/2024\/10\/graduacion-sevilla-3.jpg?w=300\" data-large-file=\"https:\/\/coooaoptometria.com\/wp-content\/uploads\/2024\/10\/graduacion-sevilla-3.jpg?w=700\" tabindex=\"0\" role=\"button\" \/><\/a><br \/>\n<a href='https:\/\/coooaoptometria.com\/graduacion-sevilla-2\/'><img loading=\"lazy\" width=\"300\" height=\"165\" src=\"https:\/\/coooaoptometria.com\/wp-content\/uploads\/2024\/10\/graduacion-sevilla-2.jpg?w=300\" class=\"attachment-medium size-medium\" alt=\"\" decoding=\"async\" data-attachment-id=\"7247\" data-permalink=\"https:\/\/coooaoptometria.com\/graduacion-sevilla-2\/\" data-orig-file=\"https:\/\/coooaoptometria.com\/wp-content\/uploads\/2024\/10\/graduacion-sevilla-2.jpg\" data-orig-size=\"1322,729\" data-comments-opened=\"1\" data-image-meta=\"{&quot;aperture&quot;:&quot;0&quot;,&quot;credit&quot;:&quot;Daniel&quot;,&quot;camera&quot;:&quot;&quot;,&quot;caption&quot;:&quot;&quot;,&quot;created_timestamp&quot;:&quot;1728638611&quot;,&quot;copyright&quot;:&quot;&quot;,&quot;focal_length&quot;:&quot;0&quot;,&quot;iso&quot;:&quot;0&quot;,&quot;shutter_speed&quot;:&quot;0&quot;,&quot;title&quot;:&quot;&quot;,&quot;orientation&quot;:&quot;0&quot;}\" data-image-title=\"graduacion sevilla 2\" data-image-description=\"\" data-image-caption=\"&lt;p&gt;Mesa de representantes acad\u00e9micos e institucionales&lt;\/p&gt; \" data-medium-file=\"https:\/\/coooaoptometria.com\/wp-content\/uploads\/2024\/10\/graduacion-sevilla-2.jpg?w=300\" data-large-file=\"https:\/\/coooaoptometria.com\/wp-content\/uploads\/2024\/10\/graduacion-sevilla-2.jpg?w=700\" tabindex=\"0\" role=\"button\" \/><\/a> <br \/>Publicado en <a href=\"https:\/\/coooaoptometria.com\/2024\/10\/11\/el-coooa-galardona-a-los-alumnos-con-mejor-expediente-y-a-los-mejores-tfg-de-los-estudios-de-optica-y-optometria-de-la-universidad-de-sevilla\/\" class=\"autohyperlink\">coooaoptometria.com\/2024\/10\/11\/el-coooa-galardona-a-los-alumnos-con-mejor-expediente-y-a-los-mejores-tfg-de-los-estudios-de-optica-y-optometria-de-la-universidad-de-sevilla\/<\/a><\/p>\n","protected":false},"excerpt":{"rendered":"<p>Adem\u00e1s de los reconocimientos otorgados por la C\u00e1tedra Daza de Vald\u00e9s del COOOA y la Universidad de Sevilla, que recayeron en Marta Hoces, Sandra Ramos y Antonio Cabanes, Blanca Fern\u00e1ndez, decana-presidenta del COOOA, tambi\u00e9n hizo entrega de un galard\u00f3n especial a Carolina Crespo y Juan Jos\u00e9 Losada por la obtenci\u00f3n<\/p>\n","protected":false},"author":2,"featured_media":0,"comment_status":"closed","ping_status":"closed","sticky":false,"template":"","format":"standard","meta":{"footnotes":""},"categories":[10,4],"tags":[],"class_list":["post-3390","post","type-post","status-publish","format-standard","hentry","category-cuidado-ocular","category-espana"],"publishpress_future_action":{"enabled":false,"date":"2026-05-02 06:40:54","action":"change-status","newStatus":"draft","terms":[],"taxonomy":"category","extraData":[]},"publishpress_future_workflow_manual_trigger":{"enabledWorkflows":[]},"_links":{"self":[{"href":"https:\/\/hlrnet.net\/sites\/actu-es\/wp-json\/wp\/v2\/posts\/3390","targetHints":{"allow":["GET"]}}],"collection":[{"href":"https:\/\/hlrnet.net\/sites\/actu-es\/wp-json\/wp\/v2\/posts"}],"about":[{"href":"https:\/\/hlrnet.net\/sites\/actu-es\/wp-json\/wp\/v2\/types\/post"}],"author":[{"embeddable":true,"href":"https:\/\/hlrnet.net\/sites\/actu-es\/wp-json\/wp\/v2\/users\/2"}],"replies":[{"embeddable":true,"href":"https:\/\/hlrnet.net\/sites\/actu-es\/wp-json\/wp\/v2\/comments?post=3390"}],"version-history":[{"count":0,"href":"https:\/\/hlrnet.net\/sites\/actu-es\/wp-json\/wp\/v2\/posts\/3390\/revisions"}],"wp:attachment":[{"href":"https:\/\/hlrnet.net\/sites\/actu-es\/wp-json\/wp\/v2\/media?parent=3390"}],"wp:term":[{"taxonomy":"category","embeddable":true,"href":"https:\/\/hlrnet.net\/sites\/actu-es\/wp-json\/wp\/v2\/categories?post=3390"},{"taxonomy":"post_tag","embeddable":true,"href":"https:\/\/hlrnet.net\/sites\/actu-es\/wp-json\/wp\/v2\/tags?post=3390"}],"curies":[{"name":"wp","href":"https:\/\/api.w.org\/{rel}","templated":true}]}}