{"id":3396,"date":"2024-10-11T09:28:19","date_gmt":"2024-10-11T09:28:19","guid":{"rendered":"http:\/\/coooaoptometria.com\/?p=7134"},"modified":"2024-10-11T09:28:19","modified_gmt":"2024-10-11T09:28:19","slug":"los-opticos-optometristas-ya-pueden-acceder-a-la-receta-oftalmica-oficial-para-prescribir-productos-sanitarios-de-optica","status":"publish","type":"post","link":"https:\/\/hlrnet.net\/sites\/actu-es\/2024\/10\/11\/los-opticos-optometristas-ya-pueden-acceder-a-la-receta-oftalmica-oficial-para-prescribir-productos-sanitarios-de-optica\/","title":{"rendered":"Los \u00f3pticos-optometristas ya pueden acceder a la Receta Oft\u00e1lmica Oficial para prescribir productos sanitarios de \u00f3ptica"},"content":{"rendered":"\n\n<div class=\"kk-star-ratings kksr-auto kksr-align-left kksr-valign-top\"\n    data-payload='{&quot;align&quot;:&quot;left&quot;,&quot;id&quot;:&quot;3396&quot;,&quot;slug&quot;:&quot;default&quot;,&quot;valign&quot;:&quot;top&quot;,&quot;ignore&quot;:&quot;&quot;,&quot;reference&quot;:&quot;auto&quot;,&quot;class&quot;:&quot;&quot;,&quot;count&quot;:&quot;0&quot;,&quot;legendonly&quot;:&quot;&quot;,&quot;readonly&quot;:&quot;&quot;,&quot;score&quot;:&quot;0&quot;,&quot;starsonly&quot;:&quot;&quot;,&quot;best&quot;:&quot;5&quot;,&quot;gap&quot;:&quot;5&quot;,&quot;greet&quot;:&quot;Rate this post&quot;,&quot;legend&quot;:&quot;0\\\/5 - (0 votes)&quot;,&quot;size&quot;:&quot;24&quot;,&quot;title&quot;:&quot;Los \u00f3pticos-optometristas ya pueden acceder a la Receta Oft\u00e1lmica Oficial para prescribir productos sanitarios de \u00f3ptica&quot;,&quot;width&quot;:&quot;0&quot;,&quot;_legend&quot;:&quot;{score}\\\/{best} - ({count} {votes})&quot;,&quot;font_factor&quot;:&quot;1.25&quot;}'>\n            \n<div class=\"kksr-stars\">\n    \n<div class=\"kksr-stars-inactive\">\n            <div class=\"kksr-star\" data-star=\"1\" style=\"padding-right: 5px\">\n            \n\n<div class=\"kksr-icon\" style=\"width: 24px; height: 24px;\"><\/div>\n        <\/div>\n            <div class=\"kksr-star\" data-star=\"2\" style=\"padding-right: 5px\">\n            \n\n<div class=\"kksr-icon\" style=\"width: 24px; height: 24px;\"><\/div>\n        <\/div>\n            <div class=\"kksr-star\" data-star=\"3\" style=\"padding-right: 5px\">\n            \n\n<div class=\"kksr-icon\" style=\"width: 24px; height: 24px;\"><\/div>\n        <\/div>\n            <div class=\"kksr-star\" data-star=\"4\" style=\"padding-right: 5px\">\n            \n\n<div class=\"kksr-icon\" style=\"width: 24px; height: 24px;\"><\/div>\n        <\/div>\n            <div class=\"kksr-star\" data-star=\"5\" style=\"padding-right: 5px\">\n            \n\n<div class=\"kksr-icon\" style=\"width: 24px; height: 24px;\"><\/div>\n        <\/div>\n    <\/div>\n    \n<div class=\"kksr-stars-active\" style=\"width: 0px;\">\n            <div class=\"kksr-star\" style=\"padding-right: 5px\">\n            \n\n<div class=\"kksr-icon\" style=\"width: 24px; height: 24px;\"><\/div>\n        <\/div>\n            <div class=\"kksr-star\" style=\"padding-right: 5px\">\n            \n\n<div class=\"kksr-icon\" style=\"width: 24px; height: 24px;\"><\/div>\n        <\/div>\n            <div class=\"kksr-star\" style=\"padding-right: 5px\">\n            \n\n<div class=\"kksr-icon\" style=\"width: 24px; height: 24px;\"><\/div>\n        <\/div>\n            <div class=\"kksr-star\" style=\"padding-right: 5px\">\n            \n\n<div class=\"kksr-icon\" style=\"width: 24px; height: 24px;\"><\/div>\n        <\/div>\n            <div class=\"kksr-star\" style=\"padding-right: 5px\">\n            \n\n<div class=\"kksr-icon\" style=\"width: 24px; height: 24px;\"><\/div>\n        <\/div>\n    <\/div>\n<\/div>\n                \n\n<div class=\"kksr-legend\" style=\"font-size: 19.2px;\">\n            <span class=\"kksr-muted\">Rate this post<\/span>\n    <\/div>\n    <\/div>\n<br \/>\n<h3>El Consejo General de Colegios de \u00d3pticos-Optometristas ha puesto en marcha la primera Receta Oft\u00e1lmica Oficial, por la que los colegiados ejercientes de todo el territorio nacional podr\u00e1n realizar la prescripci\u00f3n facultativa de productos sanitarios relacionados con la salud visual de manera digital y sin coste.<\/h3>\n<p><img decoding=\"async\" loading=\"lazy\" data-attachment-id=\"7273\" data-permalink=\"https:\/\/coooaoptometria.com\/2024\/10\/11\/los-opticos-optometristas-ya-pueden-acceder-a-la-receta-oftalmica-oficial-para-prescribir-productos-sanitarios-de-optica\/receta-consejo-opticos-optometristas\/\" data-orig-file=\"https:\/\/coooaoptometria.com\/wp-content\/uploads\/2024\/10\/receta-consejo-opticos-optometristas.jpg\" data-orig-size=\"1042,507\" data-comments-opened=\"1\" data-image-meta=\"{&quot;aperture&quot;:&quot;0&quot;,&quot;credit&quot;:&quot;Daniel&quot;,&quot;camera&quot;:&quot;&quot;,&quot;caption&quot;:&quot;&quot;,&quot;created_timestamp&quot;:&quot;1728638247&quot;,&quot;copyright&quot;:&quot;&quot;,&quot;focal_length&quot;:&quot;0&quot;,&quot;iso&quot;:&quot;0&quot;,&quot;shutter_speed&quot;:&quot;0&quot;,&quot;title&quot;:&quot;&quot;,&quot;orientation&quot;:&quot;0&quot;}\" data-image-title=\"receta consejo opticos optometristas\" data-image-description=\"\" data-image-caption=\"\" data-medium-file=\"https:\/\/coooaoptometria.com\/wp-content\/uploads\/2024\/10\/receta-consejo-opticos-optometristas.jpg?w=300\" data-large-file=\"https:\/\/coooaoptometria.com\/wp-content\/uploads\/2024\/10\/receta-consejo-opticos-optometristas.jpg?w=700\" tabindex=\"0\" role=\"button\" class=\"aligncenter size-large wp-image-7273\" src=\"https:\/\/coooaoptometria.com\/wp-content\/uploads\/2024\/10\/receta-consejo-opticos-optometristas.jpg?w=700\" alt=\"\" width=\"700\" height=\"341\" \/><\/p>\n<p>Los \u00f3pticos-optometristas colegiados ejercientes de toda Espa\u00f1a ya pueden acceder a la <a href=\"https:\/\/www.cgcoo.es\/receta-oftalmica\" target=\"_blank\" rel=\"noopener\"><strong>Receta Oft\u00e1lmica Oficial en Asistencia Privada<\/strong><\/a>. Este modelo de receta, impulsado por el <strong>Consejo General de Colegios de \u00d3pticos-Optometristas (CGCOO)<\/strong> y puesto en marcha recientemente, facilita a los profesionales sanitarios de la visi\u00f3n la prescripci\u00f3n facultativa de lentes oft\u00e1lmicas, gafas de protecci\u00f3n solar graduadas, lentes de contacto, soluciones de mantenimiento y otros productos sanitarios relacionados con la salud visual.<\/p>\n<p>Disponible en <strong>tres modalidades diferentes<\/strong> (Receta Oft\u00e1lmica, Receta de Lentes de Contacto e Informe Profesional), estos documentos se pueden solicitar de manera online a trav\u00e9s de los directores t\u00e9cnicos de los establecimientos sanitarios de \u00f3ptica, y deben estar <strong>firmadas por cada profesional \u00f3ptico-optometrista colegiado ejerciente<\/strong>, con autorizaci\u00f3n previa en el sistema del director t\u00e9cnico correspondiente.<\/p>\n<blockquote>\n<p>A trav\u00e9s de la Receta Oft\u00e1lmica Oficial, los colegiados ejercientes de toda Espa\u00f1a podr\u00e1n prescribir productos sanitarios \u00f3pticos de manera digital y sin coste<\/p>\n<\/blockquote>\n<p>Cada receta presentar\u00e1 el <strong>logo del CGCOO junto al del colegio auton\u00f3mico<\/strong> en el que est\u00e9 ubicado el establecimiento sanitario de \u00f3ptica en cuesti\u00f3n, en el caso de Andaluc\u00eda el del COOOA. Adem\u00e1s, para una mayor personalizaci\u00f3n y control, en cada informe aparecer\u00e1 el logo, la direcci\u00f3n y los datos de contacto y el n\u00famero de registro sanitario (NRS) del centro, y los datos de identificaci\u00f3n y firma del \u00f3ptico-optometrista que ha prescrito la misma. Cada receta ser\u00e1 individualizada y contendr\u00e1 un c\u00f3digo \u00fanico de verificaci\u00f3n num\u00e9rica (CVN) y un c\u00f3digo QR de comprobaci\u00f3n para certificar que toda la informaci\u00f3n incluida sea correcta.<\/p>\n<p>Publicado en <a href=\"https:\/\/coooaoptometria.com\/2024\/10\/11\/los-opticos-optometristas-ya-pueden-acceder-a-la-receta-oftalmica-oficial-para-prescribir-productos-sanitarios-de-optica\/\" class=\"autohyperlink\">coooaoptometria.com\/2024\/10\/11\/los-opticos-optometristas-ya-pueden-acceder-a-la-receta-oftalmica-oficial-para-prescribir-productos-sanitarios-de-optica\/<\/a><\/p>\n","protected":false},"excerpt":{"rendered":"<p>El Consejo General de Colegios de \u00d3pticos-Optometristas ha puesto en marcha la primera Receta Oft\u00e1lmica Oficial, por la que los colegiados ejercientes de todo el territorio nacional podr\u00e1n realizar la prescripci\u00f3n facultativa de productos sanitarios relacionados con la salud visual de manera digital y sin coste. Los \u00f3pticos-optometristas colegiados ejercientes<\/p>\n","protected":false},"author":2,"featured_media":0,"comment_status":"closed","ping_status":"closed","sticky":false,"template":"","format":"standard","meta":{"footnotes":""},"categories":[10,4],"tags":[],"class_list":["post-3396","post","type-post","status-publish","format-standard","hentry","category-cuidado-ocular","category-espana"],"publishpress_future_action":{"enabled":false,"date":"2026-05-02 06:40:46","action":"change-status","newStatus":"draft","terms":[],"taxonomy":"category","extraData":[]},"publishpress_future_workflow_manual_trigger":{"enabledWorkflows":[]},"_links":{"self":[{"href":"https:\/\/hlrnet.net\/sites\/actu-es\/wp-json\/wp\/v2\/posts\/3396","targetHints":{"allow":["GET"]}}],"collection":[{"href":"https:\/\/hlrnet.net\/sites\/actu-es\/wp-json\/wp\/v2\/posts"}],"about":[{"href":"https:\/\/hlrnet.net\/sites\/actu-es\/wp-json\/wp\/v2\/types\/post"}],"author":[{"embeddable":true,"href":"https:\/\/hlrnet.net\/sites\/actu-es\/wp-json\/wp\/v2\/users\/2"}],"replies":[{"embeddable":true,"href":"https:\/\/hlrnet.net\/sites\/actu-es\/wp-json\/wp\/v2\/comments?post=3396"}],"version-history":[{"count":0,"href":"https:\/\/hlrnet.net\/sites\/actu-es\/wp-json\/wp\/v2\/posts\/3396\/revisions"}],"wp:attachment":[{"href":"https:\/\/hlrnet.net\/sites\/actu-es\/wp-json\/wp\/v2\/media?parent=3396"}],"wp:term":[{"taxonomy":"category","embeddable":true,"href":"https:\/\/hlrnet.net\/sites\/actu-es\/wp-json\/wp\/v2\/categories?post=3396"},{"taxonomy":"post_tag","embeddable":true,"href":"https:\/\/hlrnet.net\/sites\/actu-es\/wp-json\/wp\/v2\/tags?post=3396"}],"curies":[{"name":"wp","href":"https:\/\/api.w.org\/{rel}","templated":true}]}}