{"id":3400,"date":"2024-10-11T09:26:36","date_gmt":"2024-10-11T09:26:36","guid":{"rendered":"http:\/\/coooaoptometria.com\/?p=7136"},"modified":"2024-10-11T09:26:36","modified_gmt":"2024-10-11T09:26:36","slug":"sesion-de-trabajo-de-escucha-activa-con-expertos-y-representantes-institucionales-de-sanidad","status":"publish","type":"post","link":"https:\/\/hlrnet.net\/sites\/actu-es\/2024\/10\/11\/sesion-de-trabajo-de-escucha-activa-con-expertos-y-representantes-institucionales-de-sanidad\/","title":{"rendered":"Sesi\u00f3n de trabajo de escucha activa con expertos y representantes institucionales de Sanidad"},"content":{"rendered":"\n\n<div class=\"kk-star-ratings kksr-auto kksr-align-left kksr-valign-top\"\n    data-payload='{&quot;align&quot;:&quot;left&quot;,&quot;id&quot;:&quot;3400&quot;,&quot;slug&quot;:&quot;default&quot;,&quot;valign&quot;:&quot;top&quot;,&quot;ignore&quot;:&quot;&quot;,&quot;reference&quot;:&quot;auto&quot;,&quot;class&quot;:&quot;&quot;,&quot;count&quot;:&quot;0&quot;,&quot;legendonly&quot;:&quot;&quot;,&quot;readonly&quot;:&quot;&quot;,&quot;score&quot;:&quot;0&quot;,&quot;starsonly&quot;:&quot;&quot;,&quot;best&quot;:&quot;5&quot;,&quot;gap&quot;:&quot;5&quot;,&quot;greet&quot;:&quot;Rate this post&quot;,&quot;legend&quot;:&quot;0\\\/5 - (0 votes)&quot;,&quot;size&quot;:&quot;24&quot;,&quot;title&quot;:&quot;Sesi\u00f3n de trabajo de escucha activa con expertos y representantes institucionales de Sanidad&quot;,&quot;width&quot;:&quot;0&quot;,&quot;_legend&quot;:&quot;{score}\\\/{best} - ({count} {votes})&quot;,&quot;font_factor&quot;:&quot;1.25&quot;}'>\n            \n<div class=\"kksr-stars\">\n    \n<div class=\"kksr-stars-inactive\">\n            <div class=\"kksr-star\" data-star=\"1\" style=\"padding-right: 5px\">\n            \n\n<div class=\"kksr-icon\" style=\"width: 24px; height: 24px;\"><\/div>\n        <\/div>\n            <div class=\"kksr-star\" data-star=\"2\" style=\"padding-right: 5px\">\n            \n\n<div class=\"kksr-icon\" style=\"width: 24px; height: 24px;\"><\/div>\n        <\/div>\n            <div class=\"kksr-star\" data-star=\"3\" style=\"padding-right: 5px\">\n            \n\n<div class=\"kksr-icon\" style=\"width: 24px; height: 24px;\"><\/div>\n        <\/div>\n            <div class=\"kksr-star\" data-star=\"4\" style=\"padding-right: 5px\">\n            \n\n<div class=\"kksr-icon\" style=\"width: 24px; height: 24px;\"><\/div>\n        <\/div>\n            <div class=\"kksr-star\" data-star=\"5\" style=\"padding-right: 5px\">\n            \n\n<div class=\"kksr-icon\" style=\"width: 24px; height: 24px;\"><\/div>\n        <\/div>\n    <\/div>\n    \n<div class=\"kksr-stars-active\" style=\"width: 0px;\">\n            <div class=\"kksr-star\" style=\"padding-right: 5px\">\n            \n\n<div class=\"kksr-icon\" style=\"width: 24px; height: 24px;\"><\/div>\n        <\/div>\n            <div class=\"kksr-star\" style=\"padding-right: 5px\">\n            \n\n<div class=\"kksr-icon\" style=\"width: 24px; height: 24px;\"><\/div>\n        <\/div>\n            <div class=\"kksr-star\" style=\"padding-right: 5px\">\n            \n\n<div class=\"kksr-icon\" style=\"width: 24px; height: 24px;\"><\/div>\n        <\/div>\n            <div class=\"kksr-star\" style=\"padding-right: 5px\">\n            \n\n<div class=\"kksr-icon\" style=\"width: 24px; height: 24px;\"><\/div>\n        <\/div>\n            <div class=\"kksr-star\" style=\"padding-right: 5px\">\n            \n\n<div class=\"kksr-icon\" style=\"width: 24px; height: 24px;\"><\/div>\n        <\/div>\n    <\/div>\n<\/div>\n                \n\n<div class=\"kksr-legend\" style=\"font-size: 19.2px;\">\n            <span class=\"kksr-muted\">Rate this post<\/span>\n    <\/div>\n    <\/div>\n\n<p>Blanca Fern\u00e1ndez, decana-presidenta del Colegio Oficial de \u00d3pticos-Optometristas de Andaluc\u00eda, particip\u00f3 en la sede en Madrid del Consejo General de Colegios de \u00d3pticos-Optometristas en una <strong>nueva sesi\u00f3n de trabajo de escucha activa<\/strong> junto a su presidente <strong>Juan Carlos Mart\u00ednez Moral<\/strong>, presidentes de colegios profesionales de \u00d3ptica y Optometr\u00eda auton\u00f3micos, expertos del sector y pol\u00edticos representantes de la <strong>Comisi\u00f3n de Sanidad del Congreso<\/strong>, con el objetivo de seguir incidiendo en las principales necesidades en materia de salud visual en Espa\u00f1a.<\/p>\n<p><img decoding=\"async\" loading=\"lazy\" data-attachment-id=\"7242\" data-permalink=\"https:\/\/coooaoptometria.com\/2024\/10\/11\/reunion-de-trabajo-en-madrid-junto-a-diputados-del-congreso-de-los-diputados\/expertos-salud-visual-trabajo\/\" data-orig-file=\"https:\/\/coooaoptometria.com\/wp-content\/uploads\/2024\/10\/expertos-salud-visual-trabajo.jpg\" data-orig-size=\"940,567\" data-comments-opened=\"1\" data-image-meta=\"{&quot;aperture&quot;:&quot;0&quot;,&quot;credit&quot;:&quot;Daniel&quot;,&quot;camera&quot;:&quot;&quot;,&quot;caption&quot;:&quot;&quot;,&quot;created_timestamp&quot;:&quot;1728638309&quot;,&quot;copyright&quot;:&quot;&quot;,&quot;focal_length&quot;:&quot;0&quot;,&quot;iso&quot;:&quot;0&quot;,&quot;shutter_speed&quot;:&quot;0&quot;,&quot;title&quot;:&quot;&quot;,&quot;orientation&quot;:&quot;0&quot;}\" data-image-title=\"expertos salud visual trabajo\" data-image-description=\"\" data-image-caption=\"\" data-medium-file=\"https:\/\/coooaoptometria.com\/wp-content\/uploads\/2024\/10\/expertos-salud-visual-trabajo.jpg?w=300\" data-large-file=\"https:\/\/coooaoptometria.com\/wp-content\/uploads\/2024\/10\/expertos-salud-visual-trabajo.jpg?w=700\" tabindex=\"0\" role=\"button\" class=\"aligncenter size-large wp-image-7242\" src=\"https:\/\/coooaoptometria.com\/wp-content\/uploads\/2024\/10\/expertos-salud-visual-trabajo.jpg?w=700\" alt=\"\" width=\"700\" height=\"422\" \/><\/p>\n<p>En la imagen, junto a <strong>Luis \u00c1ngel Merino<\/strong>, presidente del Colegio Oficial de \u00d3pticos-Optometristas de Castilla y Le\u00f3n, y <strong>Ana Mar\u00eda Ruiz V\u00e1zquez<\/strong>, portavoz de la Comisi\u00f3n de Inclusi\u00f3n Social, Juventud, Familias e Igualdad en el Parlamento de Andaluc\u00eda.<\/p>\n<p>Publicado en <a href=\"https:\/\/coooaoptometria.com\/2024\/10\/11\/sesion-de-trabajo-de-escucha-activa-con-expertos-y-representantes-institucionales-de-sanidad\/\" class=\"autohyperlink\">coooaoptometria.com\/2024\/10\/11\/sesion-de-trabajo-de-escucha-activa-con-expertos-y-representantes-institucionales-de-sanidad\/<\/a><\/p>\n","protected":false},"excerpt":{"rendered":"<p>Blanca Fern\u00e1ndez, decana-presidenta del Colegio Oficial de \u00d3pticos-Optometristas de Andaluc\u00eda, particip\u00f3 en la sede en Madrid del Consejo General de Colegios de \u00d3pticos-Optometristas en una nueva sesi\u00f3n de trabajo de escucha activa junto a su presidente Juan Carlos Mart\u00ednez Moral, presidentes de colegios profesionales de \u00d3ptica y Optometr\u00eda auton\u00f3micos, expertos<\/p>\n","protected":false},"author":2,"featured_media":0,"comment_status":"closed","ping_status":"closed","sticky":false,"template":"","format":"standard","meta":{"footnotes":""},"categories":[10,4],"tags":[],"class_list":["post-3400","post","type-post","status-publish","format-standard","hentry","category-cuidado-ocular","category-espana"],"publishpress_future_action":{"enabled":false,"date":"2026-05-02 06:41:15","action":"change-status","newStatus":"draft","terms":[],"taxonomy":"category","extraData":[]},"publishpress_future_workflow_manual_trigger":{"enabledWorkflows":[]},"_links":{"self":[{"href":"https:\/\/hlrnet.net\/sites\/actu-es\/wp-json\/wp\/v2\/posts\/3400","targetHints":{"allow":["GET"]}}],"collection":[{"href":"https:\/\/hlrnet.net\/sites\/actu-es\/wp-json\/wp\/v2\/posts"}],"about":[{"href":"https:\/\/hlrnet.net\/sites\/actu-es\/wp-json\/wp\/v2\/types\/post"}],"author":[{"embeddable":true,"href":"https:\/\/hlrnet.net\/sites\/actu-es\/wp-json\/wp\/v2\/users\/2"}],"replies":[{"embeddable":true,"href":"https:\/\/hlrnet.net\/sites\/actu-es\/wp-json\/wp\/v2\/comments?post=3400"}],"version-history":[{"count":0,"href":"https:\/\/hlrnet.net\/sites\/actu-es\/wp-json\/wp\/v2\/posts\/3400\/revisions"}],"wp:attachment":[{"href":"https:\/\/hlrnet.net\/sites\/actu-es\/wp-json\/wp\/v2\/media?parent=3400"}],"wp:term":[{"taxonomy":"category","embeddable":true,"href":"https:\/\/hlrnet.net\/sites\/actu-es\/wp-json\/wp\/v2\/categories?post=3400"},{"taxonomy":"post_tag","embeddable":true,"href":"https:\/\/hlrnet.net\/sites\/actu-es\/wp-json\/wp\/v2\/tags?post=3400"}],"curies":[{"name":"wp","href":"https:\/\/api.w.org\/{rel}","templated":true}]}}