{"id":3402,"date":"2024-10-16T12:59:36","date_gmt":"2024-10-16T12:59:36","guid":{"rendered":"https:\/\/coocv.com\/?p=39057"},"modified":"2024-10-16T12:59:36","modified_gmt":"2024-10-16T12:59:36","slug":"acto-institucional-de-la-vision","status":"publish","type":"post","link":"https:\/\/hlrnet.net\/sites\/actu-es\/2024\/10\/16\/acto-institucional-de-la-vision\/","title":{"rendered":"ACTO INSTITUCIONAL DE LA VISI\u00d3N"},"content":{"rendered":"\n\n<div class=\"kk-star-ratings kksr-auto kksr-align-left kksr-valign-top\"\n    data-payload='{&quot;align&quot;:&quot;left&quot;,&quot;id&quot;:&quot;3402&quot;,&quot;slug&quot;:&quot;default&quot;,&quot;valign&quot;:&quot;top&quot;,&quot;ignore&quot;:&quot;&quot;,&quot;reference&quot;:&quot;auto&quot;,&quot;class&quot;:&quot;&quot;,&quot;count&quot;:&quot;0&quot;,&quot;legendonly&quot;:&quot;&quot;,&quot;readonly&quot;:&quot;&quot;,&quot;score&quot;:&quot;0&quot;,&quot;starsonly&quot;:&quot;&quot;,&quot;best&quot;:&quot;5&quot;,&quot;gap&quot;:&quot;5&quot;,&quot;greet&quot;:&quot;Rate this post&quot;,&quot;legend&quot;:&quot;0\\\/5 - (0 votes)&quot;,&quot;size&quot;:&quot;24&quot;,&quot;title&quot;:&quot;ACTO INSTITUCIONAL DE LA VISI\u00d3N&quot;,&quot;width&quot;:&quot;0&quot;,&quot;_legend&quot;:&quot;{score}\\\/{best} - ({count} {votes})&quot;,&quot;font_factor&quot;:&quot;1.25&quot;}'>\n            \n<div class=\"kksr-stars\">\n    \n<div class=\"kksr-stars-inactive\">\n            <div class=\"kksr-star\" data-star=\"1\" style=\"padding-right: 5px\">\n            \n\n<div class=\"kksr-icon\" style=\"width: 24px; height: 24px;\"><\/div>\n        <\/div>\n            <div class=\"kksr-star\" data-star=\"2\" style=\"padding-right: 5px\">\n            \n\n<div class=\"kksr-icon\" style=\"width: 24px; height: 24px;\"><\/div>\n        <\/div>\n            <div class=\"kksr-star\" data-star=\"3\" style=\"padding-right: 5px\">\n            \n\n<div class=\"kksr-icon\" style=\"width: 24px; height: 24px;\"><\/div>\n        <\/div>\n            <div class=\"kksr-star\" data-star=\"4\" style=\"padding-right: 5px\">\n            \n\n<div class=\"kksr-icon\" style=\"width: 24px; height: 24px;\"><\/div>\n        <\/div>\n            <div class=\"kksr-star\" data-star=\"5\" style=\"padding-right: 5px\">\n            \n\n<div class=\"kksr-icon\" style=\"width: 24px; height: 24px;\"><\/div>\n        <\/div>\n    <\/div>\n    \n<div class=\"kksr-stars-active\" style=\"width: 0px;\">\n            <div class=\"kksr-star\" style=\"padding-right: 5px\">\n            \n\n<div class=\"kksr-icon\" style=\"width: 24px; height: 24px;\"><\/div>\n        <\/div>\n            <div class=\"kksr-star\" style=\"padding-right: 5px\">\n            \n\n<div class=\"kksr-icon\" style=\"width: 24px; height: 24px;\"><\/div>\n        <\/div>\n            <div class=\"kksr-star\" style=\"padding-right: 5px\">\n            \n\n<div class=\"kksr-icon\" style=\"width: 24px; height: 24px;\"><\/div>\n        <\/div>\n            <div class=\"kksr-star\" style=\"padding-right: 5px\">\n            \n\n<div class=\"kksr-icon\" style=\"width: 24px; height: 24px;\"><\/div>\n        <\/div>\n            <div class=\"kksr-star\" style=\"padding-right: 5px\">\n            \n\n<div class=\"kksr-icon\" style=\"width: 24px; height: 24px;\"><\/div>\n        <\/div>\n    <\/div>\n<\/div>\n                \n\n<div class=\"kksr-legend\" style=\"font-size: 19.2px;\">\n            <span class=\"kksr-muted\">Rate this post<\/span>\n    <\/div>\n    <\/div>\n\n<p>El pr\u00f3ximo\u00a0<strong>s\u00e1bado 26 de octubre<\/strong>, a las\u00a0<strong>17:00 horas<\/strong>, celebraremos el\u00a0<strong>Acto Institucional<\/strong>\u00a0en el marco de la Semana de la Visi\u00f3n.<\/p>\n<p>Por motivos organizativos,&nbsp;<strong>hemos cambiado la ubicaci\u00f3n del evento<\/strong>. El nuevo lugar ser\u00e1 el&nbsp;<a href=\"https:\/\/coocv.us17.list-manage.com\/track\/click?u=27c0b4f698118ced805ccb35a&amp;id=a7bae1b8e7&amp;e=7f1f1d5abe\" target=\"_blank\" rel=\"noopener\"><strong>Hotel ILUNION Valencia 4<\/strong><\/a>, situado en&nbsp;<em>Calle del Valle de Ayora, 1, 46015 Valencia<\/em>. Este cambio nos permitir\u00e1 contar con un espacio m\u00e1s amplio y c\u00f3modo para todos los asistentes.<\/p>\n<p>Este acto es una excelente oportunidad para destacar nuestra profesi\u00f3n y los logros del \u00faltimo a\u00f1o, as\u00ed como para reencontrarnos y disfrutar de un&nbsp;c\u00f3ctel al finalizar la ceremonia.<\/p>\n<p>Te recordamos que es importante&nbsp;<strong>confirmar tu asistencia antes del viernes 18 de octubre a las 14:00 horas<\/strong>,&nbsp;ya que necesitamos comunicar al hotel el n\u00famero definitivo de asistentes.<\/p>\n<p>Estamos deseando compartir esta tarde contigo. \u00a1No te lo pierdas!<\/p>\n<div class=\"wp-block-buttons is-layout-flex wp-block-buttons-is-layout-flex\">\n<div class=\"wp-block-button\"><a class=\"wp-block-button__link wp-element-button\" href=\"https:\/\/docs.google.com\/forms\/d\/e\/1FAIpQLSfLiTB6I9KIpEt29WNIP3gcD6aiPzTLZcXK5YHSs6aZExPIoQ\/viewform\" target=\"_blank\" rel=\"noreferrer noopener\">FORMULARIO DE ASISTENCIA<\/a><\/div>\n<div class=\"wp-block-button\"><a class=\"wp-block-button__link wp-element-button\" href=\"https:\/\/drive.google.com\/file\/d\/1Q4cKMGrjQMA89OqmiLsfcqxV18783xWo\/view\" target=\"_blank\" rel=\"noreferrer noopener\">DESCARGA EL PROGRAMA DE EVENTOS<\/a><\/div>\n<\/div>\n<p>Publicado en <a href=\"https:\/\/coocv.com\/acto-institucional-de-la-vision\/\" class=\"autohyperlink\">coocv.com\/acto-institucional-de-la-vision\/<\/a><\/p>\n","protected":false},"excerpt":{"rendered":"<p>El pr\u00f3ximo\u00a0s\u00e1bado 26 de octubre, a las\u00a017:00 horas, celebraremos el\u00a0Acto Institucional\u00a0en el marco de la Semana de la Visi\u00f3n. Por motivos organizativos,&nbsp;hemos cambiado la ubicaci\u00f3n del evento. El nuevo lugar ser\u00e1 el&nbsp;Hotel ILUNION Valencia 4, situado en&nbsp;Calle del Valle de Ayora, 1, 46015 Valencia. Este cambio nos permitir\u00e1 contar con<\/p>\n","protected":false},"author":2,"featured_media":0,"comment_status":"closed","ping_status":"closed","sticky":false,"template":"","format":"standard","meta":{"footnotes":""},"categories":[10,4],"tags":[],"class_list":["post-3402","post","type-post","status-publish","format-standard","hentry","category-cuidado-ocular","category-espana"],"publishpress_future_action":{"enabled":false,"date":"2026-05-02 04:45:21","action":"change-status","newStatus":"draft","terms":[],"taxonomy":"category","extraData":[]},"publishpress_future_workflow_manual_trigger":{"enabledWorkflows":[]},"_links":{"self":[{"href":"https:\/\/hlrnet.net\/sites\/actu-es\/wp-json\/wp\/v2\/posts\/3402","targetHints":{"allow":["GET"]}}],"collection":[{"href":"https:\/\/hlrnet.net\/sites\/actu-es\/wp-json\/wp\/v2\/posts"}],"about":[{"href":"https:\/\/hlrnet.net\/sites\/actu-es\/wp-json\/wp\/v2\/types\/post"}],"author":[{"embeddable":true,"href":"https:\/\/hlrnet.net\/sites\/actu-es\/wp-json\/wp\/v2\/users\/2"}],"replies":[{"embeddable":true,"href":"https:\/\/hlrnet.net\/sites\/actu-es\/wp-json\/wp\/v2\/comments?post=3402"}],"version-history":[{"count":0,"href":"https:\/\/hlrnet.net\/sites\/actu-es\/wp-json\/wp\/v2\/posts\/3402\/revisions"}],"wp:attachment":[{"href":"https:\/\/hlrnet.net\/sites\/actu-es\/wp-json\/wp\/v2\/media?parent=3402"}],"wp:term":[{"taxonomy":"category","embeddable":true,"href":"https:\/\/hlrnet.net\/sites\/actu-es\/wp-json\/wp\/v2\/categories?post=3402"},{"taxonomy":"post_tag","embeddable":true,"href":"https:\/\/hlrnet.net\/sites\/actu-es\/wp-json\/wp\/v2\/tags?post=3402"}],"curies":[{"name":"wp","href":"https:\/\/api.w.org\/{rel}","templated":true}]}}