{"id":3403,"date":"2024-10-11T09:26:08","date_gmt":"2024-10-11T09:26:08","guid":{"rendered":"http:\/\/coooaoptometria.com\/?p=7137"},"modified":"2024-10-11T09:26:08","modified_gmt":"2024-10-11T09:26:08","slug":"el-coooa-impulsara-la-salud-visual-infantil-en-diferentes-centros-escolares-andaluces","status":"publish","type":"post","link":"https:\/\/hlrnet.net\/sites\/actu-es\/2024\/10\/11\/el-coooa-impulsara-la-salud-visual-infantil-en-diferentes-centros-escolares-andaluces\/","title":{"rendered":"El COOOA impulsar\u00e1 la salud visual infantil en diferentes centros escolares andaluces"},"content":{"rendered":"\n\n<div class=\"kk-star-ratings kksr-auto kksr-align-left kksr-valign-top\"\n    data-payload='{&quot;align&quot;:&quot;left&quot;,&quot;id&quot;:&quot;3403&quot;,&quot;slug&quot;:&quot;default&quot;,&quot;valign&quot;:&quot;top&quot;,&quot;ignore&quot;:&quot;&quot;,&quot;reference&quot;:&quot;auto&quot;,&quot;class&quot;:&quot;&quot;,&quot;count&quot;:&quot;0&quot;,&quot;legendonly&quot;:&quot;&quot;,&quot;readonly&quot;:&quot;&quot;,&quot;score&quot;:&quot;0&quot;,&quot;starsonly&quot;:&quot;&quot;,&quot;best&quot;:&quot;5&quot;,&quot;gap&quot;:&quot;5&quot;,&quot;greet&quot;:&quot;Rate this post&quot;,&quot;legend&quot;:&quot;0\\\/5 - (0 votes)&quot;,&quot;size&quot;:&quot;24&quot;,&quot;title&quot;:&quot;El COOOA impulsar\u00e1 la salud visual infantil en diferentes centros escolares andaluces&quot;,&quot;width&quot;:&quot;0&quot;,&quot;_legend&quot;:&quot;{score}\\\/{best} - ({count} {votes})&quot;,&quot;font_factor&quot;:&quot;1.25&quot;}'>\n            \n<div class=\"kksr-stars\">\n    \n<div class=\"kksr-stars-inactive\">\n            <div class=\"kksr-star\" data-star=\"1\" style=\"padding-right: 5px\">\n            \n\n<div class=\"kksr-icon\" style=\"width: 24px; height: 24px;\"><\/div>\n        <\/div>\n            <div class=\"kksr-star\" data-star=\"2\" style=\"padding-right: 5px\">\n            \n\n<div class=\"kksr-icon\" style=\"width: 24px; height: 24px;\"><\/div>\n        <\/div>\n            <div class=\"kksr-star\" data-star=\"3\" style=\"padding-right: 5px\">\n            \n\n<div class=\"kksr-icon\" style=\"width: 24px; height: 24px;\"><\/div>\n        <\/div>\n            <div class=\"kksr-star\" data-star=\"4\" style=\"padding-right: 5px\">\n            \n\n<div class=\"kksr-icon\" style=\"width: 24px; height: 24px;\"><\/div>\n        <\/div>\n            <div class=\"kksr-star\" data-star=\"5\" style=\"padding-right: 5px\">\n            \n\n<div class=\"kksr-icon\" style=\"width: 24px; height: 24px;\"><\/div>\n        <\/div>\n    <\/div>\n    \n<div class=\"kksr-stars-active\" style=\"width: 0px;\">\n            <div class=\"kksr-star\" style=\"padding-right: 5px\">\n            \n\n<div class=\"kksr-icon\" style=\"width: 24px; height: 24px;\"><\/div>\n        <\/div>\n            <div class=\"kksr-star\" style=\"padding-right: 5px\">\n            \n\n<div class=\"kksr-icon\" style=\"width: 24px; height: 24px;\"><\/div>\n        <\/div>\n            <div class=\"kksr-star\" style=\"padding-right: 5px\">\n            \n\n<div class=\"kksr-icon\" style=\"width: 24px; height: 24px;\"><\/div>\n        <\/div>\n            <div class=\"kksr-star\" style=\"padding-right: 5px\">\n            \n\n<div class=\"kksr-icon\" style=\"width: 24px; height: 24px;\"><\/div>\n        <\/div>\n            <div class=\"kksr-star\" style=\"padding-right: 5px\">\n            \n\n<div class=\"kksr-icon\" style=\"width: 24px; height: 24px;\"><\/div>\n        <\/div>\n    <\/div>\n<\/div>\n                \n\n<div class=\"kksr-legend\" style=\"font-size: 19.2px;\">\n            <span class=\"kksr-muted\">Rate this post<\/span>\n    <\/div>\n    <\/div>\n\n<p>El <strong>Colegio Oficial de \u00d3pticos-Optometristas de Andaluc\u00eda<\/strong> y el <strong>Ayuntamiento de Sevilla<\/strong>, de la mano de <strong>Blanca Fern\u00e1ndez<\/strong>, decana-presidenta, y <strong>Silvia Pozo<\/strong>, delegada de Deportes y Promoci\u00f3n de la Salud, respectivamente, han firmado un <strong>convenio de colaboraci\u00f3n<\/strong> para la promoci\u00f3n de h\u00e1bitos de salud visual en centros escolares, asociaciones y entidades en la ciudad, acci\u00f3n que se est\u00e1 replicando con otras localidades andaluzas.<\/p>\n<p><img decoding=\"async\" loading=\"lazy\" data-attachment-id=\"7240\" data-permalink=\"https:\/\/coooaoptometria.com\/2024\/10\/11\/el-coooa-impulsara-la-salud-visual-infantil-en-diferentes-centros-escolares-andaluces\/convenio-ayuntamiento-sevilla\/\" data-orig-file=\"https:\/\/coooaoptometria.com\/wp-content\/uploads\/2024\/10\/convenio-ayuntamiento-sevilla.jpg\" data-orig-size=\"993,602\" data-comments-opened=\"1\" data-image-meta=\"{&quot;aperture&quot;:&quot;0&quot;,&quot;credit&quot;:&quot;Daniel&quot;,&quot;camera&quot;:&quot;&quot;,&quot;caption&quot;:&quot;&quot;,&quot;created_timestamp&quot;:&quot;1728638332&quot;,&quot;copyright&quot;:&quot;&quot;,&quot;focal_length&quot;:&quot;0&quot;,&quot;iso&quot;:&quot;0&quot;,&quot;shutter_speed&quot;:&quot;0&quot;,&quot;title&quot;:&quot;&quot;,&quot;orientation&quot;:&quot;0&quot;}\" data-image-title=\"convenio ayuntamiento sevilla\" data-image-description=\"\" data-image-caption=\"\" data-medium-file=\"https:\/\/coooaoptometria.com\/wp-content\/uploads\/2024\/10\/convenio-ayuntamiento-sevilla.jpg?w=300\" data-large-file=\"https:\/\/coooaoptometria.com\/wp-content\/uploads\/2024\/10\/convenio-ayuntamiento-sevilla.jpg?w=700\" tabindex=\"0\" role=\"button\" class=\"aligncenter size-large wp-image-7240\" src=\"https:\/\/coooaoptometria.com\/wp-content\/uploads\/2024\/10\/convenio-ayuntamiento-sevilla.jpg?w=700\" alt=\"\" width=\"700\" height=\"424\" \/><\/p>\n<p>En este sentido, <strong>Laura Vitini<\/strong>, vocal-delegada provincial de C\u00e1diz, mantuvo una reuni\u00f3n con representantes del <strong>Ayuntamiento de C\u00e1diz<\/strong>, concretamente con <strong>Bruno Garc\u00eda<\/strong> y <strong>Gloria Baz\u00e1n<\/strong>, alcalde y concejala de Salud, Juventud e Infancia, respectivamente, para trasladarle la labor profesional sanitaria del COOOA en el \u00e1mbito de la salud visual infantil y hacer extensible este convenio tambi\u00e9n en la capital gaditana.<\/p>\n<p><img decoding=\"async\" loading=\"lazy\" data-attachment-id=\"7239\" data-permalink=\"https:\/\/coooaoptometria.com\/2024\/10\/11\/el-coooa-impulsara-la-salud-visual-infantil-en-diferentes-centros-escolares-andaluces\/convenio-ayuntamiento-cadiz\/\" data-orig-file=\"https:\/\/coooaoptometria.com\/wp-content\/uploads\/2024\/10\/convenio-ayuntamiento-cadiz.jpg\" data-orig-size=\"992,508\" data-comments-opened=\"1\" data-image-meta=\"{&quot;aperture&quot;:&quot;0&quot;,&quot;credit&quot;:&quot;Daniel&quot;,&quot;camera&quot;:&quot;&quot;,&quot;caption&quot;:&quot;&quot;,&quot;created_timestamp&quot;:&quot;1728638350&quot;,&quot;copyright&quot;:&quot;&quot;,&quot;focal_length&quot;:&quot;0&quot;,&quot;iso&quot;:&quot;0&quot;,&quot;shutter_speed&quot;:&quot;0&quot;,&quot;title&quot;:&quot;&quot;,&quot;orientation&quot;:&quot;0&quot;}\" data-image-title=\"convenio ayuntamiento cadiz\" data-image-description=\"\" data-image-caption=\"\" data-medium-file=\"https:\/\/coooaoptometria.com\/wp-content\/uploads\/2024\/10\/convenio-ayuntamiento-cadiz.jpg?w=300\" data-large-file=\"https:\/\/coooaoptometria.com\/wp-content\/uploads\/2024\/10\/convenio-ayuntamiento-cadiz.jpg?w=700\" tabindex=\"0\" role=\"button\" class=\"aligncenter size-large wp-image-7239\" src=\"https:\/\/coooaoptometria.com\/wp-content\/uploads\/2024\/10\/convenio-ayuntamiento-cadiz.jpg?w=700\" alt=\"\" width=\"700\" height=\"358\" \/><\/p>\n<p>Publicado en <a href=\"https:\/\/coooaoptometria.com\/2024\/10\/11\/el-coooa-impulsara-la-salud-visual-infantil-en-diferentes-centros-escolares-andaluces\/\" class=\"autohyperlink\">coooaoptometria.com\/2024\/10\/11\/el-coooa-impulsara-la-salud-visual-infantil-en-diferentes-centros-escolares-andaluces\/<\/a><\/p>\n","protected":false},"excerpt":{"rendered":"<p>El Colegio Oficial de \u00d3pticos-Optometristas de Andaluc\u00eda y el Ayuntamiento de Sevilla, de la mano de Blanca Fern\u00e1ndez, decana-presidenta, y Silvia Pozo, delegada de Deportes y Promoci\u00f3n de la Salud, respectivamente, han firmado un convenio de colaboraci\u00f3n para la promoci\u00f3n de h\u00e1bitos de salud visual en centros escolares, asociaciones y<\/p>\n","protected":false},"author":2,"featured_media":0,"comment_status":"closed","ping_status":"closed","sticky":false,"template":"","format":"standard","meta":{"footnotes":""},"categories":[10,4],"tags":[],"class_list":["post-3403","post","type-post","status-publish","format-standard","hentry","category-cuidado-ocular","category-espana"],"publishpress_future_action":{"enabled":false,"date":"2026-05-02 06:40:54","action":"change-status","newStatus":"draft","terms":[],"taxonomy":"category","extraData":[]},"publishpress_future_workflow_manual_trigger":{"enabledWorkflows":[]},"_links":{"self":[{"href":"https:\/\/hlrnet.net\/sites\/actu-es\/wp-json\/wp\/v2\/posts\/3403","targetHints":{"allow":["GET"]}}],"collection":[{"href":"https:\/\/hlrnet.net\/sites\/actu-es\/wp-json\/wp\/v2\/posts"}],"about":[{"href":"https:\/\/hlrnet.net\/sites\/actu-es\/wp-json\/wp\/v2\/types\/post"}],"author":[{"embeddable":true,"href":"https:\/\/hlrnet.net\/sites\/actu-es\/wp-json\/wp\/v2\/users\/2"}],"replies":[{"embeddable":true,"href":"https:\/\/hlrnet.net\/sites\/actu-es\/wp-json\/wp\/v2\/comments?post=3403"}],"version-history":[{"count":0,"href":"https:\/\/hlrnet.net\/sites\/actu-es\/wp-json\/wp\/v2\/posts\/3403\/revisions"}],"wp:attachment":[{"href":"https:\/\/hlrnet.net\/sites\/actu-es\/wp-json\/wp\/v2\/media?parent=3403"}],"wp:term":[{"taxonomy":"category","embeddable":true,"href":"https:\/\/hlrnet.net\/sites\/actu-es\/wp-json\/wp\/v2\/categories?post=3403"},{"taxonomy":"post_tag","embeddable":true,"href":"https:\/\/hlrnet.net\/sites\/actu-es\/wp-json\/wp\/v2\/tags?post=3403"}],"curies":[{"name":"wp","href":"https:\/\/api.w.org\/{rel}","templated":true}]}}