{"id":3407,"date":"2024-10-11T09:25:15","date_gmt":"2024-10-11T09:25:15","guid":{"rendered":"http:\/\/coooaoptometria.com\/?p=7139"},"modified":"2024-10-11T09:25:15","modified_gmt":"2024-10-11T09:25:15","slug":"celia-sanchez-ramos-aborda-la-vision-del-color-en-su-ciclo-de-conferencias","status":"publish","type":"post","link":"https:\/\/hlrnet.net\/sites\/actu-es\/2024\/10\/11\/celia-sanchez-ramos-aborda-la-vision-del-color-en-su-ciclo-de-conferencias\/","title":{"rendered":"Celia S\u00e1nchez Ramos aborda la visi\u00f3n del color en su ciclo de conferencias"},"content":{"rendered":"\n\n<div class=\"kk-star-ratings kksr-auto kksr-align-left kksr-valign-top\"\n    data-payload='{&quot;align&quot;:&quot;left&quot;,&quot;id&quot;:&quot;3407&quot;,&quot;slug&quot;:&quot;default&quot;,&quot;valign&quot;:&quot;top&quot;,&quot;ignore&quot;:&quot;&quot;,&quot;reference&quot;:&quot;auto&quot;,&quot;class&quot;:&quot;&quot;,&quot;count&quot;:&quot;0&quot;,&quot;legendonly&quot;:&quot;&quot;,&quot;readonly&quot;:&quot;&quot;,&quot;score&quot;:&quot;0&quot;,&quot;starsonly&quot;:&quot;&quot;,&quot;best&quot;:&quot;5&quot;,&quot;gap&quot;:&quot;5&quot;,&quot;greet&quot;:&quot;Rate this post&quot;,&quot;legend&quot;:&quot;0\\\/5 - (0 votes)&quot;,&quot;size&quot;:&quot;24&quot;,&quot;title&quot;:&quot;Celia S\u00e1nchez Ramos aborda la visi\u00f3n del color en su ciclo de conferencias&quot;,&quot;width&quot;:&quot;0&quot;,&quot;_legend&quot;:&quot;{score}\\\/{best} - ({count} {votes})&quot;,&quot;font_factor&quot;:&quot;1.25&quot;}'>\n            \n<div class=\"kksr-stars\">\n    \n<div class=\"kksr-stars-inactive\">\n            <div class=\"kksr-star\" data-star=\"1\" style=\"padding-right: 5px\">\n            \n\n<div class=\"kksr-icon\" style=\"width: 24px; height: 24px;\"><\/div>\n        <\/div>\n            <div class=\"kksr-star\" data-star=\"2\" style=\"padding-right: 5px\">\n            \n\n<div class=\"kksr-icon\" style=\"width: 24px; height: 24px;\"><\/div>\n        <\/div>\n            <div class=\"kksr-star\" data-star=\"3\" style=\"padding-right: 5px\">\n            \n\n<div class=\"kksr-icon\" style=\"width: 24px; height: 24px;\"><\/div>\n        <\/div>\n            <div class=\"kksr-star\" data-star=\"4\" style=\"padding-right: 5px\">\n            \n\n<div class=\"kksr-icon\" style=\"width: 24px; height: 24px;\"><\/div>\n        <\/div>\n            <div class=\"kksr-star\" data-star=\"5\" style=\"padding-right: 5px\">\n            \n\n<div class=\"kksr-icon\" style=\"width: 24px; height: 24px;\"><\/div>\n        <\/div>\n    <\/div>\n    \n<div class=\"kksr-stars-active\" style=\"width: 0px;\">\n            <div class=\"kksr-star\" style=\"padding-right: 5px\">\n            \n\n<div class=\"kksr-icon\" style=\"width: 24px; height: 24px;\"><\/div>\n        <\/div>\n            <div class=\"kksr-star\" style=\"padding-right: 5px\">\n            \n\n<div class=\"kksr-icon\" style=\"width: 24px; height: 24px;\"><\/div>\n        <\/div>\n            <div class=\"kksr-star\" style=\"padding-right: 5px\">\n            \n\n<div class=\"kksr-icon\" style=\"width: 24px; height: 24px;\"><\/div>\n        <\/div>\n            <div class=\"kksr-star\" style=\"padding-right: 5px\">\n            \n\n<div class=\"kksr-icon\" style=\"width: 24px; height: 24px;\"><\/div>\n        <\/div>\n            <div class=\"kksr-star\" style=\"padding-right: 5px\">\n            \n\n<div class=\"kksr-icon\" style=\"width: 24px; height: 24px;\"><\/div>\n        <\/div>\n    <\/div>\n<\/div>\n                \n\n<div class=\"kksr-legend\" style=\"font-size: 19.2px;\">\n            <span class=\"kksr-muted\">Rate this post<\/span>\n    <\/div>\n    <\/div>\n\n<p>Representantes del Colegio Oficial de \u00d3pticos-Optometristas de Andaluc\u00eda, as\u00ed como colegiados andaluces, acompa\u00f1aron a la doctora en Medicina Preventiva y Salud P\u00fablica y en <strong>Ciencias de la Visi\u00f3n Celia S\u00e1nchez Ramos<\/strong>, en varias de sus conferencias bajo el ciclo &#8216;Colores en el mundo&#8217; que ha ofrecido en el espacio <strong>Caixa Forum de Sevilla<\/strong>. En ellas, la doctora comparti\u00f3 con los asistentes aspectos relacionados con la luz y el color, los tipos m\u00e1s importantes de emisores de luz o c\u00f3mo interpreta el cerebro los distintos colores en base a diferentes longitudes de onda, entre otras tem\u00e1ticas relacionadas.<\/p>\n<p><img decoding=\"async\" loading=\"lazy\" data-attachment-id=\"7236\" data-permalink=\"https:\/\/coooaoptometria.com\/2024\/10\/11\/celia-sanchez-ramos-aborda-la-vision-del-color-en-su-ciclo-de-conferencias\/celia-sanchez-ramos\/\" data-orig-file=\"https:\/\/coooaoptometria.com\/wp-content\/uploads\/2024\/10\/celia-sanchez-ramos.jpg\" data-orig-size=\"1274,667\" data-comments-opened=\"1\" data-image-meta=\"{&quot;aperture&quot;:&quot;0&quot;,&quot;credit&quot;:&quot;Daniel&quot;,&quot;camera&quot;:&quot;&quot;,&quot;caption&quot;:&quot;&quot;,&quot;created_timestamp&quot;:&quot;1728638386&quot;,&quot;copyright&quot;:&quot;&quot;,&quot;focal_length&quot;:&quot;0&quot;,&quot;iso&quot;:&quot;0&quot;,&quot;shutter_speed&quot;:&quot;0&quot;,&quot;title&quot;:&quot;&quot;,&quot;orientation&quot;:&quot;0&quot;}\" data-image-title=\"celia sanchez ramos\" data-image-description=\"\" data-image-caption=\"\" data-medium-file=\"https:\/\/coooaoptometria.com\/wp-content\/uploads\/2024\/10\/celia-sanchez-ramos.jpg?w=300\" data-large-file=\"https:\/\/coooaoptometria.com\/wp-content\/uploads\/2024\/10\/celia-sanchez-ramos.jpg?w=700\" tabindex=\"0\" role=\"button\" class=\"aligncenter size-large wp-image-7236\" src=\"https:\/\/coooaoptometria.com\/wp-content\/uploads\/2024\/10\/celia-sanchez-ramos.jpg?w=700\" alt=\"\" width=\"700\" height=\"366\" \/><\/p>\n<p>Publicado en <a href=\"https:\/\/coooaoptometria.com\/2024\/10\/11\/celia-sanchez-ramos-aborda-la-vision-del-color-en-su-ciclo-de-conferencias\/\" class=\"autohyperlink\">coooaoptometria.com\/2024\/10\/11\/celia-sanchez-ramos-aborda-la-vision-del-color-en-su-ciclo-de-conferencias\/<\/a><\/p>\n","protected":false},"excerpt":{"rendered":"<p>Representantes del Colegio Oficial de \u00d3pticos-Optometristas de Andaluc\u00eda, as\u00ed como colegiados andaluces, acompa\u00f1aron a la doctora en Medicina Preventiva y Salud P\u00fablica y en Ciencias de la Visi\u00f3n Celia S\u00e1nchez Ramos, en varias de sus conferencias bajo el ciclo &#8216;Colores en el mundo&#8217; que ha ofrecido en el espacio Caixa<\/p>\n","protected":false},"author":2,"featured_media":0,"comment_status":"closed","ping_status":"closed","sticky":false,"template":"","format":"standard","meta":{"footnotes":""},"categories":[10,4],"tags":[],"class_list":["post-3407","post","type-post","status-publish","format-standard","hentry","category-cuidado-ocular","category-espana"],"publishpress_future_action":{"enabled":false,"date":"2026-05-02 05:02:21","action":"change-status","newStatus":"draft","terms":[],"taxonomy":"category","extraData":[]},"publishpress_future_workflow_manual_trigger":{"enabledWorkflows":[]},"_links":{"self":[{"href":"https:\/\/hlrnet.net\/sites\/actu-es\/wp-json\/wp\/v2\/posts\/3407","targetHints":{"allow":["GET"]}}],"collection":[{"href":"https:\/\/hlrnet.net\/sites\/actu-es\/wp-json\/wp\/v2\/posts"}],"about":[{"href":"https:\/\/hlrnet.net\/sites\/actu-es\/wp-json\/wp\/v2\/types\/post"}],"author":[{"embeddable":true,"href":"https:\/\/hlrnet.net\/sites\/actu-es\/wp-json\/wp\/v2\/users\/2"}],"replies":[{"embeddable":true,"href":"https:\/\/hlrnet.net\/sites\/actu-es\/wp-json\/wp\/v2\/comments?post=3407"}],"version-history":[{"count":0,"href":"https:\/\/hlrnet.net\/sites\/actu-es\/wp-json\/wp\/v2\/posts\/3407\/revisions"}],"wp:attachment":[{"href":"https:\/\/hlrnet.net\/sites\/actu-es\/wp-json\/wp\/v2\/media?parent=3407"}],"wp:term":[{"taxonomy":"category","embeddable":true,"href":"https:\/\/hlrnet.net\/sites\/actu-es\/wp-json\/wp\/v2\/categories?post=3407"},{"taxonomy":"post_tag","embeddable":true,"href":"https:\/\/hlrnet.net\/sites\/actu-es\/wp-json\/wp\/v2\/tags?post=3407"}],"curies":[{"name":"wp","href":"https:\/\/api.w.org\/{rel}","templated":true}]}}