{"id":3434,"date":"2024-10-31T09:34:03","date_gmt":"2024-10-31T09:34:03","guid":{"rendered":"https:\/\/coocv.com\/?p=39165"},"modified":"2024-10-31T09:34:03","modified_gmt":"2024-10-31T09:34:03","slug":"reunion-estrategica-en-la-sede-del-coocv-entre-los-representantes-de-ama-vida-y-del-coocv","status":"publish","type":"post","link":"https:\/\/hlrnet.net\/sites\/actu-es\/2024\/10\/31\/reunion-estrategica-en-la-sede-del-coocv-entre-los-representantes-de-ama-vida-y-del-coocv\/","title":{"rendered":"REUNI\u00d3N ESTRAT\u00c9GICA EN LA SEDE DEL COOCV ENTRE LOS REPRESENTANTES DE AMA VIDA Y DEL COOCV"},"content":{"rendered":"\n\n<div class=\"kk-star-ratings kksr-auto kksr-align-left kksr-valign-top\"\n    data-payload='{&quot;align&quot;:&quot;left&quot;,&quot;id&quot;:&quot;3434&quot;,&quot;slug&quot;:&quot;default&quot;,&quot;valign&quot;:&quot;top&quot;,&quot;ignore&quot;:&quot;&quot;,&quot;reference&quot;:&quot;auto&quot;,&quot;class&quot;:&quot;&quot;,&quot;count&quot;:&quot;0&quot;,&quot;legendonly&quot;:&quot;&quot;,&quot;readonly&quot;:&quot;&quot;,&quot;score&quot;:&quot;0&quot;,&quot;starsonly&quot;:&quot;&quot;,&quot;best&quot;:&quot;5&quot;,&quot;gap&quot;:&quot;5&quot;,&quot;greet&quot;:&quot;Rate this post&quot;,&quot;legend&quot;:&quot;0\\\/5 - (0 votes)&quot;,&quot;size&quot;:&quot;24&quot;,&quot;title&quot;:&quot;REUNI\u00d3N ESTRAT\u00c9GICA EN LA SEDE DEL COOCV ENTRE LOS REPRESENTANTES DE AMA VIDA Y DEL COOCV&quot;,&quot;width&quot;:&quot;0&quot;,&quot;_legend&quot;:&quot;{score}\\\/{best} - ({count} {votes})&quot;,&quot;font_factor&quot;:&quot;1.25&quot;}'>\n            \n<div class=\"kksr-stars\">\n    \n<div class=\"kksr-stars-inactive\">\n            <div class=\"kksr-star\" data-star=\"1\" style=\"padding-right: 5px\">\n            \n\n<div class=\"kksr-icon\" style=\"width: 24px; height: 24px;\"><\/div>\n        <\/div>\n            <div class=\"kksr-star\" data-star=\"2\" style=\"padding-right: 5px\">\n            \n\n<div class=\"kksr-icon\" style=\"width: 24px; height: 24px;\"><\/div>\n        <\/div>\n            <div class=\"kksr-star\" data-star=\"3\" style=\"padding-right: 5px\">\n            \n\n<div class=\"kksr-icon\" style=\"width: 24px; height: 24px;\"><\/div>\n        <\/div>\n            <div class=\"kksr-star\" data-star=\"4\" style=\"padding-right: 5px\">\n            \n\n<div class=\"kksr-icon\" style=\"width: 24px; height: 24px;\"><\/div>\n        <\/div>\n            <div class=\"kksr-star\" data-star=\"5\" style=\"padding-right: 5px\">\n            \n\n<div class=\"kksr-icon\" style=\"width: 24px; height: 24px;\"><\/div>\n        <\/div>\n    <\/div>\n    \n<div class=\"kksr-stars-active\" style=\"width: 0px;\">\n            <div class=\"kksr-star\" style=\"padding-right: 5px\">\n            \n\n<div class=\"kksr-icon\" style=\"width: 24px; height: 24px;\"><\/div>\n        <\/div>\n            <div class=\"kksr-star\" style=\"padding-right: 5px\">\n            \n\n<div class=\"kksr-icon\" style=\"width: 24px; height: 24px;\"><\/div>\n        <\/div>\n            <div class=\"kksr-star\" style=\"padding-right: 5px\">\n            \n\n<div class=\"kksr-icon\" style=\"width: 24px; height: 24px;\"><\/div>\n        <\/div>\n            <div class=\"kksr-star\" style=\"padding-right: 5px\">\n            \n\n<div class=\"kksr-icon\" style=\"width: 24px; height: 24px;\"><\/div>\n        <\/div>\n            <div class=\"kksr-star\" style=\"padding-right: 5px\">\n            \n\n<div class=\"kksr-icon\" style=\"width: 24px; height: 24px;\"><\/div>\n        <\/div>\n    <\/div>\n<\/div>\n                \n\n<div class=\"kksr-legend\" style=\"font-size: 19.2px;\">\n            <span class=\"kksr-muted\">Rate this post<\/span>\n    <\/div>\n    <\/div>\n\n<p>Ayer lunes 28 se celebr\u00f3 una reuni\u00f3n en la sede del Colegio de \u00d3pticos-Optometristas de la Comunitat Valenciana (COOCV) con destacados representantes de AMA. El encuentro cont\u00f3 con la presencia de D. Jaime Giner, Presidente del Consejo de Administraci\u00f3n de AMA VIDA; D. Miguel \u00c1ngel V\u00e1zquez, responsable de AMA para los Colegios Profesionales a nivel nacional; D. Javier Mochol\u00ed, Delegado de Levante de AMA; y D. Andr\u00e9s Gen\u00e9, Presidente del COOCV.<\/p>\n<p>La reuni\u00f3n ha tenido como objetivo fortalecer las relaciones entre ambas instituciones y explorar nuevas iniciativas conjuntas que beneficien a los profesionales sanitarios \u00f3pticos-optometristas de la Comunitat Valenciana.<\/p>\n<p>Comprometido con el cuidado integral de sus colegiados, el COOCV sigue trabajando para que sus asociados est\u00e9n respaldados en todas las situaciones, especialmente en t\u00e9rminos de salud, bienestar y protecci\u00f3n profesional. En este sentido, durante la sesi\u00f3n, los representantes discutieron proyectos y acuerdos destinados a mejorar la calidad de los servicios y a ofrecer ventajas espec\u00edficas adaptadas a las necesidades de los colegiados del COOCV.<\/p>\n<p>Este encuentro marca un importante avance en la colaboraci\u00f3n entre AMA VIDA y el COOCV, afianzando el compromiso de ambas entidades no solo con la salud visual de la poblaci\u00f3n, sino tambi\u00e9n con el respaldo y el bienestar de los profesionales de la \u00f3ptica-optometr\u00eda, asegurando que dispongan de apoyo y cobertura en el ejercicio de su actividad profesional.<\/p>\n<figure class=\"wp-block-image size-large\"><img loading=\"lazy\" decoding=\"async\" width=\"1024\" height=\"1024\" src=\"https:\/\/coocv.com\/wp-content\/uploads\/2024\/10\/coocv_ama-1024x1024.jpg\" alt=\"coocv ama\" class=\"wp-image-39166\" title=\"REUNI\u00d3N ESTRAT\u00c9GICA EN LA SEDE DEL COOCV ENTRE LOS REPRESENTANTES DE AMA VIDA Y DEL COOCV 2\" srcset=\"https:\/\/coocv.com\/wp-content\/uploads\/2024\/10\/coocv_ama-1024x1024.jpg 1024w, https:\/\/coocv.com\/wp-content\/uploads\/2024\/10\/coocv_ama-300x300.jpg 300w, https:\/\/coocv.com\/wp-content\/uploads\/2024\/10\/coocv_ama-150x150.jpg 150w, https:\/\/coocv.com\/wp-content\/uploads\/2024\/10\/coocv_ama-768x768.jpg 768w, https:\/\/coocv.com\/wp-content\/uploads\/2024\/10\/coocv_ama-125x125.jpg 125w, https:\/\/coocv.com\/wp-content\/uploads\/2024\/10\/coocv_ama-200x200.jpg 200w, https:\/\/coocv.com\/wp-content\/uploads\/2024\/10\/coocv_ama-80x80.jpg 80w, https:\/\/coocv.com\/wp-content\/uploads\/2024\/10\/coocv_ama-480x480.jpg 480w, https:\/\/coocv.com\/wp-content\/uploads\/2024\/10\/coocv_ama-600x600.jpg 600w, https:\/\/coocv.com\/wp-content\/uploads\/2024\/10\/coocv_ama-100x100.jpg 100w, https:\/\/coocv.com\/wp-content\/uploads\/2024\/10\/coocv_ama.jpg 1080w\" sizes=\"auto, (max-width: 1024px) 100vw, 1024px\" \/><\/figure>\n<p>Publicado en <a href=\"https:\/\/coocv.com\/reunion-estrategica-en-la-sede-del-coocv-entre-los-representantes-de-ama-vida-y-del-coocv\/\" class=\"autohyperlink\">coocv.com\/reunion-estrategica-en-la-sede-del-coocv-entre-los-representantes-de-ama-vida-y-del-coocv\/<\/a><\/p>\n","protected":false},"excerpt":{"rendered":"<p>Ayer lunes 28 se celebr\u00f3 una reuni\u00f3n en la sede del Colegio de \u00d3pticos-Optometristas de la Comunitat Valenciana (COOCV) con destacados representantes de AMA. El encuentro cont\u00f3 con la presencia de D. Jaime Giner, Presidente del Consejo de Administraci\u00f3n de AMA VIDA; D. Miguel \u00c1ngel V\u00e1zquez, responsable de AMA para<\/p>\n","protected":false},"author":2,"featured_media":0,"comment_status":"closed","ping_status":"closed","sticky":false,"template":"","format":"standard","meta":{"footnotes":""},"categories":[10,4],"tags":[],"class_list":["post-3434","post","type-post","status-publish","format-standard","hentry","category-cuidado-ocular","category-espana"],"publishpress_future_action":{"enabled":false,"date":"2026-05-02 04:46:49","action":"change-status","newStatus":"draft","terms":[],"taxonomy":"category","extraData":[]},"publishpress_future_workflow_manual_trigger":{"enabledWorkflows":[]},"_links":{"self":[{"href":"https:\/\/hlrnet.net\/sites\/actu-es\/wp-json\/wp\/v2\/posts\/3434","targetHints":{"allow":["GET"]}}],"collection":[{"href":"https:\/\/hlrnet.net\/sites\/actu-es\/wp-json\/wp\/v2\/posts"}],"about":[{"href":"https:\/\/hlrnet.net\/sites\/actu-es\/wp-json\/wp\/v2\/types\/post"}],"author":[{"embeddable":true,"href":"https:\/\/hlrnet.net\/sites\/actu-es\/wp-json\/wp\/v2\/users\/2"}],"replies":[{"embeddable":true,"href":"https:\/\/hlrnet.net\/sites\/actu-es\/wp-json\/wp\/v2\/comments?post=3434"}],"version-history":[{"count":0,"href":"https:\/\/hlrnet.net\/sites\/actu-es\/wp-json\/wp\/v2\/posts\/3434\/revisions"}],"wp:attachment":[{"href":"https:\/\/hlrnet.net\/sites\/actu-es\/wp-json\/wp\/v2\/media?parent=3434"}],"wp:term":[{"taxonomy":"category","embeddable":true,"href":"https:\/\/hlrnet.net\/sites\/actu-es\/wp-json\/wp\/v2\/categories?post=3434"},{"taxonomy":"post_tag","embeddable":true,"href":"https:\/\/hlrnet.net\/sites\/actu-es\/wp-json\/wp\/v2\/tags?post=3434"}],"curies":[{"name":"wp","href":"https:\/\/api.w.org\/{rel}","templated":true}]}}