{"id":3554,"date":"2025-01-10T15:34:13","date_gmt":"2025-01-10T15:34:13","guid":{"rendered":"http:\/\/coooaoptometria.com\/?p=7389"},"modified":"2025-01-10T15:34:13","modified_gmt":"2025-01-10T15:34:13","slug":"tertulia-literaria-el-anteojo-proximas-sesiones","status":"publish","type":"post","link":"https:\/\/hlrnet.net\/sites\/actu-es\/2025\/01\/10\/tertulia-literaria-el-anteojo-proximas-sesiones\/","title":{"rendered":"Tertulia literaria \u2018El Anteojo\u2019: pr\u00f3ximas sesiones"},"content":{"rendered":"\n\n<div class=\"kk-star-ratings kksr-auto kksr-align-left kksr-valign-top\"\n    data-payload='{&quot;align&quot;:&quot;left&quot;,&quot;id&quot;:&quot;3554&quot;,&quot;slug&quot;:&quot;default&quot;,&quot;valign&quot;:&quot;top&quot;,&quot;ignore&quot;:&quot;&quot;,&quot;reference&quot;:&quot;auto&quot;,&quot;class&quot;:&quot;&quot;,&quot;count&quot;:&quot;0&quot;,&quot;legendonly&quot;:&quot;&quot;,&quot;readonly&quot;:&quot;&quot;,&quot;score&quot;:&quot;0&quot;,&quot;starsonly&quot;:&quot;&quot;,&quot;best&quot;:&quot;5&quot;,&quot;gap&quot;:&quot;5&quot;,&quot;greet&quot;:&quot;Rate this post&quot;,&quot;legend&quot;:&quot;0\\\/5 - (0 votes)&quot;,&quot;size&quot;:&quot;24&quot;,&quot;title&quot;:&quot;Tertulia literaria \u2018El Anteojo\u2019: pr\u00f3ximas sesiones&quot;,&quot;width&quot;:&quot;0&quot;,&quot;_legend&quot;:&quot;{score}\\\/{best} - ({count} {votes})&quot;,&quot;font_factor&quot;:&quot;1.25&quot;}'>\n            \n<div class=\"kksr-stars\">\n    \n<div class=\"kksr-stars-inactive\">\n            <div class=\"kksr-star\" data-star=\"1\" style=\"padding-right: 5px\">\n            \n\n<div class=\"kksr-icon\" style=\"width: 24px; height: 24px;\"><\/div>\n        <\/div>\n            <div class=\"kksr-star\" data-star=\"2\" style=\"padding-right: 5px\">\n            \n\n<div class=\"kksr-icon\" style=\"width: 24px; height: 24px;\"><\/div>\n        <\/div>\n            <div class=\"kksr-star\" data-star=\"3\" style=\"padding-right: 5px\">\n            \n\n<div class=\"kksr-icon\" style=\"width: 24px; height: 24px;\"><\/div>\n        <\/div>\n            <div class=\"kksr-star\" data-star=\"4\" style=\"padding-right: 5px\">\n            \n\n<div class=\"kksr-icon\" style=\"width: 24px; height: 24px;\"><\/div>\n        <\/div>\n            <div class=\"kksr-star\" data-star=\"5\" style=\"padding-right: 5px\">\n            \n\n<div class=\"kksr-icon\" style=\"width: 24px; height: 24px;\"><\/div>\n        <\/div>\n    <\/div>\n    \n<div class=\"kksr-stars-active\" style=\"width: 0px;\">\n            <div class=\"kksr-star\" style=\"padding-right: 5px\">\n            \n\n<div class=\"kksr-icon\" style=\"width: 24px; height: 24px;\"><\/div>\n        <\/div>\n            <div class=\"kksr-star\" style=\"padding-right: 5px\">\n            \n\n<div class=\"kksr-icon\" style=\"width: 24px; height: 24px;\"><\/div>\n        <\/div>\n            <div class=\"kksr-star\" style=\"padding-right: 5px\">\n            \n\n<div class=\"kksr-icon\" style=\"width: 24px; height: 24px;\"><\/div>\n        <\/div>\n            <div class=\"kksr-star\" style=\"padding-right: 5px\">\n            \n\n<div class=\"kksr-icon\" style=\"width: 24px; height: 24px;\"><\/div>\n        <\/div>\n            <div class=\"kksr-star\" style=\"padding-right: 5px\">\n            \n\n<div class=\"kksr-icon\" style=\"width: 24px; height: 24px;\"><\/div>\n        <\/div>\n    <\/div>\n<\/div>\n                \n\n<div class=\"kksr-legend\" style=\"font-size: 19.2px;\">\n            <span class=\"kksr-muted\">Rate this post<\/span>\n    <\/div>\n    <\/div>\n<br \/>\n<h2 class=\"wp-block-heading\">Demasiada gente &#8211; Manuel Machuca<\/h2>\n<p>Sexta novela de este autor sevillano, doctor en Farmacia y apasionado de la escritura. Basada en un tr\u00e1gico suceso real retrata a Fernanda, madre en la d\u00e9cada de los 70 que, tras perder a su cuarto hijo en el parto, descubre que fue robado.<\/p>\n<p>A partir de ah\u00ed, emprende su b\u00fasqueda enfrent\u00e1ndose a la incomprensi\u00f3n e injusticia de una sociedad marcada por el franquismo. La obra refleja la lucha de las madres afectadas por el robo de beb\u00e9s y denuncia el desprecio de las altas esferas hacia los m\u00e1s vulnerables. Con un estilo emotivo, el autor busca preservar la memoria de estas mujeres valientes y evitar que su memoria quede en el olvido.<\/p>\n<h2 class=\"wp-block-heading\">El rey regente &#8211; Jos\u00e9 Calvo Poyato<\/h2>\n<p>Nos encontramos ante una magn\u00edfica novela hist\u00f3rica donde este novelista y expol\u00edtico egabrense explora la regencia de Fernando el Cat\u00f3lico a trav\u00e9s de un enigma may\u00fasculo: \u00bfexisti\u00f3 un testamento real de Enrique IV donde reconociera a Juana como heredera leg\u00edtima de Castilla?<\/p>\n<p>Calvo Poyato ofrece un detallado recorrido por ciudades y escenarios de la \u00e9poca, con personajes como el cardenal Cisneros, Juana la Loca, Felipe el Hermoso y el Gran Capit\u00e1n que interact\u00faan con figuras de la vida cotidiana. Con rigor hist\u00f3rico y prosa evocadora, es capaz de sumergir al lector en las tensiones y secretos de una Castilla al borde de la convulsi\u00f3n pol\u00edtica y social.<\/p>\n<h2 class=\"wp-block-heading\">Hab\u00edamos quedado el viernes &#8211; Salvador Navarro<\/h2>\n<p>En su infancia, a Carlota le propusieron ser la &#8216;mam\u00e1 suplente&#8217; del vecino reci\u00e9n nacido, para que los padres de este pudieran obtener algo de respiro de vez en cuando. Nacida como hija \u00fanica de un matrimonio violento, tom\u00f3 esta experiencia al pie de la letra, y entabl\u00f3 con el peque\u00f1o Fernando un v\u00ednculo muy fuerte, hasta que los dos se hicieron universitarios. Treinta a\u00f1os despu\u00e9s, sin el m\u00ednimo contacto, se vuelven a encontrar.<\/p>\n<p>Esta es la premisa de la obra del novelista sevillano que muestra c\u00f3mo sucesos acaecidos en \u00e9pocas pasadas pueden quedarse marcados pese al paso del tiempo y cuyo estilo engancha al lector a descubrir el por qu\u00e9 de las heridas de los protagonistas.<\/p>\n<p>Publicado en <a href=\"https:\/\/coooaoptometria.com\/2025\/01\/10\/tertulia-literaria-el-anteojo-proximas-sesiones\/\" class=\"autohyperlink\">coooaoptometria.com\/2025\/01\/10\/tertulia-literaria-el-anteojo-proximas-sesiones\/<\/a><\/p>\n","protected":false},"excerpt":{"rendered":"<p>Demasiada gente &#8211; Manuel Machuca Sexta novela de este autor sevillano, doctor en Farmacia y apasionado de la escritura. Basada en un tr\u00e1gico suceso real retrata a Fernanda, madre en la d\u00e9cada de los 70 que, tras perder a su cuarto hijo en el parto, descubre que fue robado. A<\/p>\n","protected":false},"author":2,"featured_media":0,"comment_status":"closed","ping_status":"closed","sticky":false,"template":"","format":"standard","meta":{"footnotes":""},"categories":[10,4],"tags":[],"class_list":["post-3554","post","type-post","status-publish","format-standard","hentry","category-cuidado-ocular","category-espana"],"publishpress_future_action":{"enabled":false,"date":"2026-05-02 04:45:21","action":"change-status","newStatus":"draft","terms":[],"taxonomy":"category","extraData":[]},"publishpress_future_workflow_manual_trigger":{"enabledWorkflows":[]},"_links":{"self":[{"href":"https:\/\/hlrnet.net\/sites\/actu-es\/wp-json\/wp\/v2\/posts\/3554","targetHints":{"allow":["GET"]}}],"collection":[{"href":"https:\/\/hlrnet.net\/sites\/actu-es\/wp-json\/wp\/v2\/posts"}],"about":[{"href":"https:\/\/hlrnet.net\/sites\/actu-es\/wp-json\/wp\/v2\/types\/post"}],"author":[{"embeddable":true,"href":"https:\/\/hlrnet.net\/sites\/actu-es\/wp-json\/wp\/v2\/users\/2"}],"replies":[{"embeddable":true,"href":"https:\/\/hlrnet.net\/sites\/actu-es\/wp-json\/wp\/v2\/comments?post=3554"}],"version-history":[{"count":0,"href":"https:\/\/hlrnet.net\/sites\/actu-es\/wp-json\/wp\/v2\/posts\/3554\/revisions"}],"wp:attachment":[{"href":"https:\/\/hlrnet.net\/sites\/actu-es\/wp-json\/wp\/v2\/media?parent=3554"}],"wp:term":[{"taxonomy":"category","embeddable":true,"href":"https:\/\/hlrnet.net\/sites\/actu-es\/wp-json\/wp\/v2\/categories?post=3554"},{"taxonomy":"post_tag","embeddable":true,"href":"https:\/\/hlrnet.net\/sites\/actu-es\/wp-json\/wp\/v2\/tags?post=3554"}],"curies":[{"name":"wp","href":"https:\/\/api.w.org\/{rel}","templated":true}]}}