{"id":3563,"date":"2025-01-10T14:55:21","date_gmt":"2025-01-10T14:55:21","guid":{"rendered":"http:\/\/coooaoptometria.com\/?p=7371"},"modified":"2025-01-10T14:55:21","modified_gmt":"2025-01-10T14:55:21","slug":"los-optometristas-cada-vez-estamos-mas-especializados-lo-que-propicia-que-podamos-desarrollar-distintas-facetas","status":"publish","type":"post","link":"https:\/\/hlrnet.net\/sites\/actu-es\/2025\/01\/10\/los-optometristas-cada-vez-estamos-mas-especializados-lo-que-propicia-que-podamos-desarrollar-distintas-facetas\/","title":{"rendered":"\u00abLos optometristas cada vez estamos m\u00e1s especializados, lo que propicia que podamos desarrollar distintas facetas\u00bb"},"content":{"rendered":"\n\n<div class=\"kk-star-ratings kksr-auto kksr-align-left kksr-valign-top\"\n    data-payload='{&quot;align&quot;:&quot;left&quot;,&quot;id&quot;:&quot;3563&quot;,&quot;slug&quot;:&quot;default&quot;,&quot;valign&quot;:&quot;top&quot;,&quot;ignore&quot;:&quot;&quot;,&quot;reference&quot;:&quot;auto&quot;,&quot;class&quot;:&quot;&quot;,&quot;count&quot;:&quot;0&quot;,&quot;legendonly&quot;:&quot;&quot;,&quot;readonly&quot;:&quot;&quot;,&quot;score&quot;:&quot;0&quot;,&quot;starsonly&quot;:&quot;&quot;,&quot;best&quot;:&quot;5&quot;,&quot;gap&quot;:&quot;5&quot;,&quot;greet&quot;:&quot;Rate this post&quot;,&quot;legend&quot;:&quot;0\\\/5 - (0 votes)&quot;,&quot;size&quot;:&quot;24&quot;,&quot;title&quot;:&quot;\u00abLos optometristas cada vez estamos m\u00e1s especializados, lo que propicia que podamos desarrollar distintas facetas\u00bb&quot;,&quot;width&quot;:&quot;0&quot;,&quot;_legend&quot;:&quot;{score}\\\/{best} - ({count} {votes})&quot;,&quot;font_factor&quot;:&quot;1.25&quot;}'>\n            \n<div class=\"kksr-stars\">\n    \n<div class=\"kksr-stars-inactive\">\n            <div class=\"kksr-star\" data-star=\"1\" style=\"padding-right: 5px\">\n            \n\n<div class=\"kksr-icon\" style=\"width: 24px; height: 24px;\"><\/div>\n        <\/div>\n            <div class=\"kksr-star\" data-star=\"2\" style=\"padding-right: 5px\">\n            \n\n<div class=\"kksr-icon\" style=\"width: 24px; height: 24px;\"><\/div>\n        <\/div>\n            <div class=\"kksr-star\" data-star=\"3\" style=\"padding-right: 5px\">\n            \n\n<div class=\"kksr-icon\" style=\"width: 24px; height: 24px;\"><\/div>\n        <\/div>\n            <div class=\"kksr-star\" data-star=\"4\" style=\"padding-right: 5px\">\n            \n\n<div class=\"kksr-icon\" style=\"width: 24px; height: 24px;\"><\/div>\n        <\/div>\n            <div class=\"kksr-star\" data-star=\"5\" style=\"padding-right: 5px\">\n            \n\n<div class=\"kksr-icon\" style=\"width: 24px; height: 24px;\"><\/div>\n        <\/div>\n    <\/div>\n    \n<div class=\"kksr-stars-active\" style=\"width: 0px;\">\n            <div class=\"kksr-star\" style=\"padding-right: 5px\">\n            \n\n<div class=\"kksr-icon\" style=\"width: 24px; height: 24px;\"><\/div>\n        <\/div>\n            <div class=\"kksr-star\" style=\"padding-right: 5px\">\n            \n\n<div class=\"kksr-icon\" style=\"width: 24px; height: 24px;\"><\/div>\n        <\/div>\n            <div class=\"kksr-star\" style=\"padding-right: 5px\">\n            \n\n<div class=\"kksr-icon\" style=\"width: 24px; height: 24px;\"><\/div>\n        <\/div>\n            <div class=\"kksr-star\" style=\"padding-right: 5px\">\n            \n\n<div class=\"kksr-icon\" style=\"width: 24px; height: 24px;\"><\/div>\n        <\/div>\n            <div class=\"kksr-star\" style=\"padding-right: 5px\">\n            \n\n<div class=\"kksr-icon\" style=\"width: 24px; height: 24px;\"><\/div>\n        <\/div>\n    <\/div>\n<\/div>\n                \n\n<div class=\"kksr-legend\" style=\"font-size: 19.2px;\">\n            <span class=\"kksr-muted\">Rate this post<\/span>\n    <\/div>\n    <\/div>\n<br \/>\n<blockquote class=\"wp-block-quote is-layout-flow wp-block-quote-is-layout-flow\">\n<p>Entrevista a Rafael P\u00e9rez, vocal-delegado en Sevilla.<\/p>\n<\/blockquote>\n<p>\u00bfPor qu\u00e9 decidiste dedicarte a la \u00d3ptica y la Optometr\u00eda?<br \/>Siempre quise hacer una carrera dentro del \u00e1mbito sanitario. En el momento de decidir qu\u00e9 especialidad estudiar, el padre de un amigo me coment\u00f3 que hab\u00eda bastante demanda de titulados en \u00d3ptica y Optometr\u00eda y decid\u00ed optar por esta rama profesional.<\/p>\n<p>\u00bfCu\u00e1les fueron tus primeros trabajos en el \u00e1mbito laboral?<br \/>Durante la carrera, en periodos de pr\u00e1cticas, trabajaba durante los veranos como auxiliar de \u00f3ptica.<br \/>\u00bfQu\u00e9 caracter\u00edsticas consideras que debe tener un profesional sanitario \u00f3ptico-optometrista?<br \/>Sobre todo, que se trate de una persona muy emp\u00e1tica. Considero que saber escuchar al paciente es una caracter\u00edstica fundamental para poder hacer una buena valoraci\u00f3n de su problema visual.<\/p>\n<p>\u00bfC\u00f3mo ha evolucionado la profesi\u00f3n?<br \/>Por suerte, creo que ha evolucionado much\u00edsimo. Los optometristas espa\u00f1oles cada vez estamos m\u00e1s especializados, lo que propicia que actualmente podamos desarrollar diferentes facetas de la profesi\u00f3n. <\/p>\n<p>Cada vez es m\u00e1s frecuente encontrar \u00f3pticos-optometristas trabajando en la industria farmac\u00e9utica, laboratorios, centros de rehabilitaci\u00f3n visual o contactolog\u00eda especial, cl\u00ednicas oftalmol\u00f3gicas u hospitales, ya sea en atenci\u00f3n primaria, atenci\u00f3n especializada o en investigaci\u00f3n. No debemos olvidarnos de los compa\u00f1eros docentes, que compaginan su funci\u00f3n en instituciones como universidades o centros de formaci\u00f3n superior con sus propios negocios o ejerciendo por cuenta ajena.<\/p>\n<p>En definitiva, hace no muchos a\u00f1os la salida m\u00e1s com\u00fan para un reci\u00e9n egresado era la de empezar a ejercer en un establecimiento sanitario de \u00f3ptica. En la actualidad, las opciones son m\u00faltiples y muy dispares. Por lo que creo que la profesi\u00f3n cada vez est\u00e1 mejor valorada y es m\u00e1s reconocida por la sociedad.<\/p>\n<p>\u00bfQu\u00e9 se siente al representar a los colegiados de Sevilla en la Junta de Gobierno del COOOA?<br \/>Un gran orgullo, adem\u00e1s de una especial satisfacci\u00f3n el hecho de saber que puedes aportar un granito de arena en el devenir de la profesi\u00f3n.<\/p>\n<p>\u00bfC\u00f3mo de importante consideras la participaci\u00f3n del colegiado en las propuestas del COOOA?<br \/>Desde nuestro colegio profesional sanitario estamos encantados de escuchar y atender a los colegiados para poder satisfacer sus necesidades y demandas en todo lo que sea posible.<\/p>\n<p>\u00bfC\u00f3mo catalogas el programa formativo del COOOA que ofrece a sus colegiados?<br \/>Para m\u00ed es un 10 rotundo. Recientemente hemos estado dise\u00f1ando el programa formativo para 2025, con la participaci\u00f3n de ponentes referentes en cada uno de sus campos. Adem\u00e1s, el COOOA es flexible cuando los colegiados solicitan ampliar sesiones pr\u00e1cticas, o hacer formaciones de algunos temas en espec\u00edfico.<\/p>\n<p>\u00bfQu\u00e9 nota le pone a la salud visual de los andaluces? \u00bfQu\u00e9 pueden hacer para mejorarla?<br \/>Creo que cada vez la poblaci\u00f3n va teniendo una mayor conciencia de la importancia de las revisiones visuales para poder prevenir problemas en su visi\u00f3n.<\/p>\n<p>\u00bfCu\u00e1les son los retos futuros del sector?<br \/>Son muchos los retos a los que nos enfrentamos en el sector de la \u00d3ptica y la Optometr\u00eda en Espa\u00f1a y de diferente \u00edndole. Por ejemplo, la importancia de reconocer que sigue habiendo una alta demanda de titulados en \u00d3ptica y Optometr\u00eda, y esto ayudar\u00e1 a que los retos y necesidades que se nos plantean se puedan alcanzar con mayor brevedad.<\/p>\n<p>Publicado en <a href=\"https:\/\/coooaoptometria.com\/2025\/01\/10\/entrevista-3\/\" class=\"autohyperlink\">coooaoptometria.com\/2025\/01\/10\/entrevista-3\/<\/a><\/p>\n","protected":false},"excerpt":{"rendered":"<p>Entrevista a Rafael P\u00e9rez, vocal-delegado en Sevilla. \u00bfPor qu\u00e9 decidiste dedicarte a la \u00d3ptica y la Optometr\u00eda?Siempre quise hacer una carrera dentro del \u00e1mbito sanitario. En el momento de decidir qu\u00e9 especialidad estudiar, el padre de un amigo me coment\u00f3 que hab\u00eda bastante demanda de titulados en \u00d3ptica y Optometr\u00eda<\/p>\n","protected":false},"author":2,"featured_media":0,"comment_status":"closed","ping_status":"closed","sticky":false,"template":"","format":"standard","meta":{"footnotes":""},"categories":[10,4],"tags":[],"class_list":["post-3563","post","type-post","status-publish","format-standard","hentry","category-cuidado-ocular","category-espana"],"publishpress_future_action":{"enabled":false,"date":"2026-05-02 04:45:20","action":"change-status","newStatus":"draft","terms":[],"taxonomy":"category","extraData":[]},"publishpress_future_workflow_manual_trigger":{"enabledWorkflows":[]},"_links":{"self":[{"href":"https:\/\/hlrnet.net\/sites\/actu-es\/wp-json\/wp\/v2\/posts\/3563","targetHints":{"allow":["GET"]}}],"collection":[{"href":"https:\/\/hlrnet.net\/sites\/actu-es\/wp-json\/wp\/v2\/posts"}],"about":[{"href":"https:\/\/hlrnet.net\/sites\/actu-es\/wp-json\/wp\/v2\/types\/post"}],"author":[{"embeddable":true,"href":"https:\/\/hlrnet.net\/sites\/actu-es\/wp-json\/wp\/v2\/users\/2"}],"replies":[{"embeddable":true,"href":"https:\/\/hlrnet.net\/sites\/actu-es\/wp-json\/wp\/v2\/comments?post=3563"}],"version-history":[{"count":0,"href":"https:\/\/hlrnet.net\/sites\/actu-es\/wp-json\/wp\/v2\/posts\/3563\/revisions"}],"wp:attachment":[{"href":"https:\/\/hlrnet.net\/sites\/actu-es\/wp-json\/wp\/v2\/media?parent=3563"}],"wp:term":[{"taxonomy":"category","embeddable":true,"href":"https:\/\/hlrnet.net\/sites\/actu-es\/wp-json\/wp\/v2\/categories?post=3563"},{"taxonomy":"post_tag","embeddable":true,"href":"https:\/\/hlrnet.net\/sites\/actu-es\/wp-json\/wp\/v2\/tags?post=3563"}],"curies":[{"name":"wp","href":"https:\/\/api.w.org\/{rel}","templated":true}]}}