{"id":3565,"date":"2025-01-10T14:50:26","date_gmt":"2025-01-10T14:50:26","guid":{"rendered":"http:\/\/coooaoptometria.com\/?p=7367"},"modified":"2025-01-10T14:50:26","modified_gmt":"2025-01-10T14:50:26","slug":"un-colectivo-que-trabaje-por-mejorar-la-profesion-garantiza-el-impulso-de-la-salud-visual-de-la-ciudadania","status":"publish","type":"post","link":"https:\/\/hlrnet.net\/sites\/actu-es\/2025\/01\/10\/un-colectivo-que-trabaje-por-mejorar-la-profesion-garantiza-el-impulso-de-la-salud-visual-de-la-ciudadania\/","title":{"rendered":"\u00abUn colectivo que trabaje por mejorar la profesi\u00f3n garantiza el impulso de la salud visual de la ciudadan\u00eda\u00bb"},"content":{"rendered":"\n\n<div class=\"kk-star-ratings kksr-auto kksr-align-left kksr-valign-top\"\n    data-payload='{&quot;align&quot;:&quot;left&quot;,&quot;id&quot;:&quot;3565&quot;,&quot;slug&quot;:&quot;default&quot;,&quot;valign&quot;:&quot;top&quot;,&quot;ignore&quot;:&quot;&quot;,&quot;reference&quot;:&quot;auto&quot;,&quot;class&quot;:&quot;&quot;,&quot;count&quot;:&quot;0&quot;,&quot;legendonly&quot;:&quot;&quot;,&quot;readonly&quot;:&quot;&quot;,&quot;score&quot;:&quot;0&quot;,&quot;starsonly&quot;:&quot;&quot;,&quot;best&quot;:&quot;5&quot;,&quot;gap&quot;:&quot;5&quot;,&quot;greet&quot;:&quot;Rate this post&quot;,&quot;legend&quot;:&quot;0\\\/5 - (0 votes)&quot;,&quot;size&quot;:&quot;24&quot;,&quot;title&quot;:&quot;\u00abUn colectivo que trabaje por mejorar la profesi\u00f3n garantiza el impulso de la salud visual de la ciudadan\u00eda\u00bb&quot;,&quot;width&quot;:&quot;0&quot;,&quot;_legend&quot;:&quot;{score}\\\/{best} - ({count} {votes})&quot;,&quot;font_factor&quot;:&quot;1.25&quot;}'>\n            \n<div class=\"kksr-stars\">\n    \n<div class=\"kksr-stars-inactive\">\n            <div class=\"kksr-star\" data-star=\"1\" style=\"padding-right: 5px\">\n            \n\n<div class=\"kksr-icon\" style=\"width: 24px; height: 24px;\"><\/div>\n        <\/div>\n            <div class=\"kksr-star\" data-star=\"2\" style=\"padding-right: 5px\">\n            \n\n<div class=\"kksr-icon\" style=\"width: 24px; height: 24px;\"><\/div>\n        <\/div>\n            <div class=\"kksr-star\" data-star=\"3\" style=\"padding-right: 5px\">\n            \n\n<div class=\"kksr-icon\" style=\"width: 24px; height: 24px;\"><\/div>\n        <\/div>\n            <div class=\"kksr-star\" data-star=\"4\" style=\"padding-right: 5px\">\n            \n\n<div class=\"kksr-icon\" style=\"width: 24px; height: 24px;\"><\/div>\n        <\/div>\n            <div class=\"kksr-star\" data-star=\"5\" style=\"padding-right: 5px\">\n            \n\n<div class=\"kksr-icon\" style=\"width: 24px; height: 24px;\"><\/div>\n        <\/div>\n    <\/div>\n    \n<div class=\"kksr-stars-active\" style=\"width: 0px;\">\n            <div class=\"kksr-star\" style=\"padding-right: 5px\">\n            \n\n<div class=\"kksr-icon\" style=\"width: 24px; height: 24px;\"><\/div>\n        <\/div>\n            <div class=\"kksr-star\" style=\"padding-right: 5px\">\n            \n\n<div class=\"kksr-icon\" style=\"width: 24px; height: 24px;\"><\/div>\n        <\/div>\n            <div class=\"kksr-star\" style=\"padding-right: 5px\">\n            \n\n<div class=\"kksr-icon\" style=\"width: 24px; height: 24px;\"><\/div>\n        <\/div>\n            <div class=\"kksr-star\" style=\"padding-right: 5px\">\n            \n\n<div class=\"kksr-icon\" style=\"width: 24px; height: 24px;\"><\/div>\n        <\/div>\n            <div class=\"kksr-star\" style=\"padding-right: 5px\">\n            \n\n<div class=\"kksr-icon\" style=\"width: 24px; height: 24px;\"><\/div>\n        <\/div>\n    <\/div>\n<\/div>\n                \n\n<div class=\"kksr-legend\" style=\"font-size: 19.2px;\">\n            <span class=\"kksr-muted\">Rate this post<\/span>\n    <\/div>\n    <\/div>\n<br \/>\n<blockquote class=\"wp-block-quote is-layout-flow wp-block-quote-is-layout-flow\">\n<p>Entrevista a Jos\u00e9 Manuel Ametis, vocal-delegado en Almer\u00eda.<\/p>\n<\/blockquote>\n<p>\u00bfPor qu\u00e9 decidiste dedicarte a la \u00d3ptica y la Optometr\u00eda?<br \/>Desde peque\u00f1o ten\u00eda claro mi vocaci\u00f3n por la rama sanitaria, ya que mi padre es m\u00e9dico. Aunque pude optar por Medicina, quien me hizo inclinarme por la Optometr\u00eda fue mi abuela. Hab\u00eda tenido muchos problemas visuales: glaucoma de \u00e1ngulo cerrado, desprendimiento de retina y una miop\u00eda elevada, y eso despert\u00f3 mi inter\u00e9s por intentar mejorar los problemas visuales.<\/p>\n<p>\u00bfCu\u00e1les fueron tus primeros trabajos en el \u00e1mbito laboral?<br \/>Tuve la gran oportunidad de empezar a trabajar nada m\u00e1s terminar mis estudios en un centro \u00f3ptico. Despu\u00e9s de ese periodo, empec\u00e9 a trabajar en la cadena de \u00f3pticas en la que me encuentro en la actualidad, que me ha permitido seguir form\u00e1ndome como profesional de la visi\u00f3n trabajando en distintos centros.<\/p>\n<p>\u00bfQu\u00e9 caracter\u00edsticas consideras que debe tener un profesional sanitario \u00f3ptico-optometrista?<br \/>La m\u00e1s importante, la vocaci\u00f3n por ayudar a mejorar la salud visual de las personas. Esto no es posible sin una formaci\u00f3n adecuada para alcanzar unas competencias profesionales, un &#8216;saber hacer&#8217;. Esa formaci\u00f3n debe ser continua en y para toda la vida, m\u00e1s en una profesi\u00f3n sanitaria, que cambia d\u00eda a d\u00eda. Tambi\u00e9n respeto del c\u00f3digo deontol\u00f3gico, \u00e9tica profesional e interprofesional, etc. Un colectivo que trabaje por mejorar la profesi\u00f3n garantiza el impulso de la salud visual de la ciudadan\u00eda.<\/p>\n<p>\u00bfC\u00f3mo ha evolucionado la profesi\u00f3n?<br \/>Ha habido muchos avances, pero sin duda destacar\u00eda la concienciaci\u00f3n de la ciudadan\u00eda y el reconocimiento profesional. Cuando empec\u00e9, la gente no sab\u00eda que \u00d3ptica era una carrera universitaria. Ahora estamos m\u00e1s concienciados a nivel social de la importancia del \u00f3ptico-optometrista, aunque a\u00fan queda mucho trabajo. Adem\u00e1s, los avances tecnol\u00f3gicos, el acceso a la informaci\u00f3n, los conocimientos y la investigaci\u00f3n cient\u00edfica han impulsado a\u00fan m\u00e1s la profesi\u00f3n.<\/p>\n<p>\u00bfQu\u00e9 se siente al representar a los colegiados de Almer\u00eda en la Junta de Gobierno del COOOA?<br \/>Respeto por estar a la altura para poder ayudar a los compa\u00f1eros de la provincia en su d\u00eda a d\u00eda y potenciar al colectivo y el desarrollo de su trabajo.<\/p>\n<p>\u00bfC\u00f3mo de importante consideras la participaci\u00f3n del colegiado en las propuestas del COOOA?<br \/>Es necesario y fundamental conocer las preocupaciones del sector y de los compa\u00f1eros para tener un objetivo de trabajo claro. De esa manera podemos contribuir a la protecci\u00f3n de la profesi\u00f3n y de los colegiados.<\/p>\n<p>\u00bfC\u00f3mo catalogas el programa formativo del COOOA que ofrece a sus colegiados?<br \/>El giro cultural hacia la formaci\u00f3n continua y de gran calidad es muy importante. Las propuestas que se llevan a cabo tanto para una formaci\u00f3n m\u00e1s pr\u00e1ctica, as\u00ed como el hecho de llevarla a todos los rincones mediante las herramientas digitales, es fundamental y un acierto.<\/p>\n<p>\u00bfQu\u00e9 nota le pone a la salud visual de los andaluces? \u00bfQu\u00e9 pueden hacer para mejorarla?<br \/>Un 7. Son necesarios trabajos de concienciaci\u00f3n social para el uso adecuado de elementos \u00f3pticos y las revisiones frecuentes, la incorporaci\u00f3n del \u00f3ptico-optometrista en la seguridad social para agilizar las listas de espera y garantizar la asistencia sanitaria visual, as\u00ed como un colectivo comprometido y unido.<\/p>\n<p>\u00bfCu\u00e1les son los retos futuros del sector?<br \/>Seguir impulsando su defensa frente al intrusismo, incorporar al \u00f3ptico-optometrista en el sistema sanitario p\u00fablico y el avance de las tecnolog\u00edas para mejorar la profesi\u00f3n.<\/p>\n<p>Publicado en <a href=\"https:\/\/coooaoptometria.com\/2025\/01\/10\/entrevista-2\/\" class=\"autohyperlink\">coooaoptometria.com\/2025\/01\/10\/entrevista-2\/<\/a><\/p>\n","protected":false},"excerpt":{"rendered":"<p>Entrevista a Jos\u00e9 Manuel Ametis, vocal-delegado en Almer\u00eda. \u00bfPor qu\u00e9 decidiste dedicarte a la \u00d3ptica y la Optometr\u00eda?Desde peque\u00f1o ten\u00eda claro mi vocaci\u00f3n por la rama sanitaria, ya que mi padre es m\u00e9dico. Aunque pude optar por Medicina, quien me hizo inclinarme por la Optometr\u00eda fue mi abuela. Hab\u00eda tenido<\/p>\n","protected":false},"author":2,"featured_media":0,"comment_status":"closed","ping_status":"closed","sticky":false,"template":"","format":"standard","meta":{"footnotes":""},"categories":[10,4],"tags":[],"class_list":["post-3565","post","type-post","status-publish","format-standard","hentry","category-cuidado-ocular","category-espana"],"publishpress_future_action":{"enabled":false,"date":"2026-05-02 04:45:19","action":"change-status","newStatus":"draft","terms":[],"taxonomy":"category","extraData":[]},"publishpress_future_workflow_manual_trigger":{"enabledWorkflows":[]},"_links":{"self":[{"href":"https:\/\/hlrnet.net\/sites\/actu-es\/wp-json\/wp\/v2\/posts\/3565","targetHints":{"allow":["GET"]}}],"collection":[{"href":"https:\/\/hlrnet.net\/sites\/actu-es\/wp-json\/wp\/v2\/posts"}],"about":[{"href":"https:\/\/hlrnet.net\/sites\/actu-es\/wp-json\/wp\/v2\/types\/post"}],"author":[{"embeddable":true,"href":"https:\/\/hlrnet.net\/sites\/actu-es\/wp-json\/wp\/v2\/users\/2"}],"replies":[{"embeddable":true,"href":"https:\/\/hlrnet.net\/sites\/actu-es\/wp-json\/wp\/v2\/comments?post=3565"}],"version-history":[{"count":0,"href":"https:\/\/hlrnet.net\/sites\/actu-es\/wp-json\/wp\/v2\/posts\/3565\/revisions"}],"wp:attachment":[{"href":"https:\/\/hlrnet.net\/sites\/actu-es\/wp-json\/wp\/v2\/media?parent=3565"}],"wp:term":[{"taxonomy":"category","embeddable":true,"href":"https:\/\/hlrnet.net\/sites\/actu-es\/wp-json\/wp\/v2\/categories?post=3565"},{"taxonomy":"post_tag","embeddable":true,"href":"https:\/\/hlrnet.net\/sites\/actu-es\/wp-json\/wp\/v2\/tags?post=3565"}],"curies":[{"name":"wp","href":"https:\/\/api.w.org\/{rel}","templated":true}]}}