{"id":3575,"date":"2025-01-10T14:12:26","date_gmt":"2025-01-10T14:12:26","guid":{"rendered":"http:\/\/coooaoptometria.com\/?p=7348"},"modified":"2025-01-10T14:12:26","modified_gmt":"2025-01-10T14:12:26","slug":"el-coooa-y-el-ayuntamiento-de-cadiz-impulsaran-la-salud-visual-infantil-en-la-capital-gaditana","status":"publish","type":"post","link":"https:\/\/hlrnet.net\/sites\/actu-es\/2025\/01\/10\/el-coooa-y-el-ayuntamiento-de-cadiz-impulsaran-la-salud-visual-infantil-en-la-capital-gaditana\/","title":{"rendered":"El COOOA y el Ayuntamiento de C\u00e1diz impulsar\u00e1n la salud visual infantil en la capital gaditana"},"content":{"rendered":"\n\n<div class=\"kk-star-ratings kksr-auto kksr-align-left kksr-valign-top\"\n    data-payload='{&quot;align&quot;:&quot;left&quot;,&quot;id&quot;:&quot;3575&quot;,&quot;slug&quot;:&quot;default&quot;,&quot;valign&quot;:&quot;top&quot;,&quot;ignore&quot;:&quot;&quot;,&quot;reference&quot;:&quot;auto&quot;,&quot;class&quot;:&quot;&quot;,&quot;count&quot;:&quot;0&quot;,&quot;legendonly&quot;:&quot;&quot;,&quot;readonly&quot;:&quot;&quot;,&quot;score&quot;:&quot;0&quot;,&quot;starsonly&quot;:&quot;&quot;,&quot;best&quot;:&quot;5&quot;,&quot;gap&quot;:&quot;5&quot;,&quot;greet&quot;:&quot;Rate this post&quot;,&quot;legend&quot;:&quot;0\\\/5 - (0 votes)&quot;,&quot;size&quot;:&quot;24&quot;,&quot;title&quot;:&quot;El COOOA y el Ayuntamiento de C\u00e1diz impulsar\u00e1n la salud visual infantil en la capital gaditana&quot;,&quot;width&quot;:&quot;0&quot;,&quot;_legend&quot;:&quot;{score}\\\/{best} - ({count} {votes})&quot;,&quot;font_factor&quot;:&quot;1.25&quot;}'>\n            \n<div class=\"kksr-stars\">\n    \n<div class=\"kksr-stars-inactive\">\n            <div class=\"kksr-star\" data-star=\"1\" style=\"padding-right: 5px\">\n            \n\n<div class=\"kksr-icon\" style=\"width: 24px; height: 24px;\"><\/div>\n        <\/div>\n            <div class=\"kksr-star\" data-star=\"2\" style=\"padding-right: 5px\">\n            \n\n<div class=\"kksr-icon\" style=\"width: 24px; height: 24px;\"><\/div>\n        <\/div>\n            <div class=\"kksr-star\" data-star=\"3\" style=\"padding-right: 5px\">\n            \n\n<div class=\"kksr-icon\" style=\"width: 24px; height: 24px;\"><\/div>\n        <\/div>\n            <div class=\"kksr-star\" data-star=\"4\" style=\"padding-right: 5px\">\n            \n\n<div class=\"kksr-icon\" style=\"width: 24px; height: 24px;\"><\/div>\n        <\/div>\n            <div class=\"kksr-star\" data-star=\"5\" style=\"padding-right: 5px\">\n            \n\n<div class=\"kksr-icon\" style=\"width: 24px; height: 24px;\"><\/div>\n        <\/div>\n    <\/div>\n    \n<div class=\"kksr-stars-active\" style=\"width: 0px;\">\n            <div class=\"kksr-star\" style=\"padding-right: 5px\">\n            \n\n<div class=\"kksr-icon\" style=\"width: 24px; height: 24px;\"><\/div>\n        <\/div>\n            <div class=\"kksr-star\" style=\"padding-right: 5px\">\n            \n\n<div class=\"kksr-icon\" style=\"width: 24px; height: 24px;\"><\/div>\n        <\/div>\n            <div class=\"kksr-star\" style=\"padding-right: 5px\">\n            \n\n<div class=\"kksr-icon\" style=\"width: 24px; height: 24px;\"><\/div>\n        <\/div>\n            <div class=\"kksr-star\" style=\"padding-right: 5px\">\n            \n\n<div class=\"kksr-icon\" style=\"width: 24px; height: 24px;\"><\/div>\n        <\/div>\n            <div class=\"kksr-star\" style=\"padding-right: 5px\">\n            \n\n<div class=\"kksr-icon\" style=\"width: 24px; height: 24px;\"><\/div>\n        <\/div>\n    <\/div>\n<\/div>\n                \n\n<div class=\"kksr-legend\" style=\"font-size: 19.2px;\">\n            <span class=\"kksr-muted\">Rate this post<\/span>\n    <\/div>\n    <\/div>\n\n<p>El Colegio Oficial de \u00d3pticos-Optometristas de Andaluc\u00eda y el Ayuntamiento de C\u00e1diz han firmado un acuerdo de colaboraci\u00f3n con el objetivo de abordar actuaciones conjuntas para impulsar la adecuada visi\u00f3n infantil de la ciudadan\u00eda gaditana en estas etapas primarias, a partir de acciones y campa\u00f1as de promoci\u00f3n, informaci\u00f3n, educaci\u00f3n, prevenci\u00f3n e higiene que se llevar\u00e1n a cabo en centros escolares y educativos para promover la detecci\u00f3n precoz de problemas visuales y garantizar un mejor rendimiento escolar.<\/p>\n<p>Inicio de conversaciones en ayuntamientos de capitales de provincia<br \/>Blanca Fern\u00e1ndez y Ana Mar\u00eda Mart\u00ednez, decana-presidenta y vocal-delegada en C\u00f3rdoba del COOOA, se reunieron con Cintia Bustos, delegada de Salud y Juventud del Ayuntamiento de C\u00f3rdoba, para presentarle este proyecto y poder establecer estrategias conjuntas en centros educativos de la capital. Adem\u00e1s, tambi\u00e9n se han iniciado conversaciones en Huelva y, en los pr\u00f3ximos d\u00edas, se har\u00e1 lo propio con los dem\u00e1s ayuntamientos de capitales de provincia con el fin de fomentar la adecuada salud visual infantil.<\/p>\n<p>Publicado en <a href=\"https:\/\/coooaoptometria.com\/2025\/01\/10\/el-coooa-y-el-ayuntamiento-de-cadiz-impulsaran-la-salud-visual-infantil-en-la-capital-gaditana\/\" class=\"autohyperlink\">coooaoptometria.com\/2025\/01\/10\/el-coooa-y-el-ayuntamiento-de-cadiz-impulsaran-la-salud-visual-infantil-en-la-capital-gaditana\/<\/a><\/p>\n","protected":false},"excerpt":{"rendered":"<p>El Colegio Oficial de \u00d3pticos-Optometristas de Andaluc\u00eda y el Ayuntamiento de C\u00e1diz han firmado un acuerdo de colaboraci\u00f3n con el objetivo de abordar actuaciones conjuntas para impulsar la adecuada visi\u00f3n infantil de la ciudadan\u00eda gaditana en estas etapas primarias, a partir de acciones y campa\u00f1as de promoci\u00f3n, informaci\u00f3n, educaci\u00f3n, prevenci\u00f3n<\/p>\n","protected":false},"author":2,"featured_media":0,"comment_status":"closed","ping_status":"closed","sticky":false,"template":"","format":"standard","meta":{"footnotes":""},"categories":[10,4],"tags":[],"class_list":["post-3575","post","type-post","status-publish","format-standard","hentry","category-cuidado-ocular","category-espana"],"publishpress_future_action":{"enabled":false,"date":"2026-05-02 04:45:45","action":"change-status","newStatus":"draft","terms":[],"taxonomy":"category","extraData":[]},"publishpress_future_workflow_manual_trigger":{"enabledWorkflows":[]},"_links":{"self":[{"href":"https:\/\/hlrnet.net\/sites\/actu-es\/wp-json\/wp\/v2\/posts\/3575","targetHints":{"allow":["GET"]}}],"collection":[{"href":"https:\/\/hlrnet.net\/sites\/actu-es\/wp-json\/wp\/v2\/posts"}],"about":[{"href":"https:\/\/hlrnet.net\/sites\/actu-es\/wp-json\/wp\/v2\/types\/post"}],"author":[{"embeddable":true,"href":"https:\/\/hlrnet.net\/sites\/actu-es\/wp-json\/wp\/v2\/users\/2"}],"replies":[{"embeddable":true,"href":"https:\/\/hlrnet.net\/sites\/actu-es\/wp-json\/wp\/v2\/comments?post=3575"}],"version-history":[{"count":0,"href":"https:\/\/hlrnet.net\/sites\/actu-es\/wp-json\/wp\/v2\/posts\/3575\/revisions"}],"wp:attachment":[{"href":"https:\/\/hlrnet.net\/sites\/actu-es\/wp-json\/wp\/v2\/media?parent=3575"}],"wp:term":[{"taxonomy":"category","embeddable":true,"href":"https:\/\/hlrnet.net\/sites\/actu-es\/wp-json\/wp\/v2\/categories?post=3575"},{"taxonomy":"post_tag","embeddable":true,"href":"https:\/\/hlrnet.net\/sites\/actu-es\/wp-json\/wp\/v2\/tags?post=3575"}],"curies":[{"name":"wp","href":"https:\/\/api.w.org\/{rel}","templated":true}]}}