{"id":3584,"date":"2025-01-10T13:16:40","date_gmt":"2025-01-10T13:16:40","guid":{"rendered":"http:\/\/coooaoptometria.com\/?p=7334"},"modified":"2025-01-10T13:16:40","modified_gmt":"2025-01-10T13:16:40","slug":"valoracion-positiva-de-la-aprobacion-por-el-parlamento-de-andalucia-el-envio-al-congreso-de-la-ley-de-gratuidad-de-productos-opticos-sanitarios","status":"publish","type":"post","link":"https:\/\/hlrnet.net\/sites\/actu-es\/2025\/01\/10\/valoracion-positiva-de-la-aprobacion-por-el-parlamento-de-andalucia-el-envio-al-congreso-de-la-ley-de-gratuidad-de-productos-opticos-sanitarios\/","title":{"rendered":"Valoraci\u00f3n positiva de la aprobaci\u00f3n por el Parlamento de Andaluc\u00eda el env\u00edo al Congreso de la ley de gratuidad de productos \u00f3pticos sanitarios"},"content":{"rendered":"\n\n<div class=\"kk-star-ratings kksr-auto kksr-align-left kksr-valign-top\"\n    data-payload='{&quot;align&quot;:&quot;left&quot;,&quot;id&quot;:&quot;3584&quot;,&quot;slug&quot;:&quot;default&quot;,&quot;valign&quot;:&quot;top&quot;,&quot;ignore&quot;:&quot;&quot;,&quot;reference&quot;:&quot;auto&quot;,&quot;class&quot;:&quot;&quot;,&quot;count&quot;:&quot;0&quot;,&quot;legendonly&quot;:&quot;&quot;,&quot;readonly&quot;:&quot;&quot;,&quot;score&quot;:&quot;0&quot;,&quot;starsonly&quot;:&quot;&quot;,&quot;best&quot;:&quot;5&quot;,&quot;gap&quot;:&quot;5&quot;,&quot;greet&quot;:&quot;Rate this post&quot;,&quot;legend&quot;:&quot;0\\\/5 - (0 votes)&quot;,&quot;size&quot;:&quot;24&quot;,&quot;title&quot;:&quot;Valoraci\u00f3n positiva de la aprobaci\u00f3n por el Parlamento de Andaluc\u00eda el env\u00edo al Congreso de la ley de gratuidad de productos \u00f3pticos sanitarios&quot;,&quot;width&quot;:&quot;0&quot;,&quot;_legend&quot;:&quot;{score}\\\/{best} - ({count} {votes})&quot;,&quot;font_factor&quot;:&quot;1.25&quot;}'>\n            \n<div class=\"kksr-stars\">\n    \n<div class=\"kksr-stars-inactive\">\n            <div class=\"kksr-star\" data-star=\"1\" style=\"padding-right: 5px\">\n            \n\n<div class=\"kksr-icon\" style=\"width: 24px; height: 24px;\"><\/div>\n        <\/div>\n            <div class=\"kksr-star\" data-star=\"2\" style=\"padding-right: 5px\">\n            \n\n<div class=\"kksr-icon\" style=\"width: 24px; height: 24px;\"><\/div>\n        <\/div>\n            <div class=\"kksr-star\" data-star=\"3\" style=\"padding-right: 5px\">\n            \n\n<div class=\"kksr-icon\" style=\"width: 24px; height: 24px;\"><\/div>\n        <\/div>\n            <div class=\"kksr-star\" data-star=\"4\" style=\"padding-right: 5px\">\n            \n\n<div class=\"kksr-icon\" style=\"width: 24px; height: 24px;\"><\/div>\n        <\/div>\n            <div class=\"kksr-star\" data-star=\"5\" style=\"padding-right: 5px\">\n            \n\n<div class=\"kksr-icon\" style=\"width: 24px; height: 24px;\"><\/div>\n        <\/div>\n    <\/div>\n    \n<div class=\"kksr-stars-active\" style=\"width: 0px;\">\n            <div class=\"kksr-star\" style=\"padding-right: 5px\">\n            \n\n<div class=\"kksr-icon\" style=\"width: 24px; height: 24px;\"><\/div>\n        <\/div>\n            <div class=\"kksr-star\" style=\"padding-right: 5px\">\n            \n\n<div class=\"kksr-icon\" style=\"width: 24px; height: 24px;\"><\/div>\n        <\/div>\n            <div class=\"kksr-star\" style=\"padding-right: 5px\">\n            \n\n<div class=\"kksr-icon\" style=\"width: 24px; height: 24px;\"><\/div>\n        <\/div>\n            <div class=\"kksr-star\" style=\"padding-right: 5px\">\n            \n\n<div class=\"kksr-icon\" style=\"width: 24px; height: 24px;\"><\/div>\n        <\/div>\n            <div class=\"kksr-star\" style=\"padding-right: 5px\">\n            \n\n<div class=\"kksr-icon\" style=\"width: 24px; height: 24px;\"><\/div>\n        <\/div>\n    <\/div>\n<\/div>\n                \n\n<div class=\"kksr-legend\" style=\"font-size: 19.2px;\">\n            <span class=\"kksr-muted\">Rate this post<\/span>\n    <\/div>\n    <\/div>\n<br \/>\n<h2 class=\"wp-block-heading\">El Parlamento de Andaluc\u00eda ha dado un importante paso en el \u00e1mbito de la visi\u00f3n al aprobar por unanimidad el env\u00edo al Congreso de los Diputados para su tramitaci\u00f3n nacional de la ley que garantiza la gratuidad de productos sanitarios relacionados con la salud visual como gafas y lentes de contacto para menores de edad.<\/h2>\n<p><img decoding=\"async\" loading=\"lazy\" data-attachment-id=\"7405\" data-permalink=\"https:\/\/coooaoptometria.com\/2025\/01\/10\/el-coooa-apuesta-por-la-accesibilidad-de-sus-mas-de-1-800-establecimientos-sanitarios-de-optica-para-personas-con-problemas-de-vision\/aprobacion-parlamento\/\" data-orig-file=\"https:\/\/coooaoptometria.com\/wp-content\/uploads\/2025\/01\/aprobacion-parlamento.jpg\" data-orig-size=\"864,373\" data-comments-opened=\"1\" data-image-meta=\"{&quot;aperture&quot;:&quot;0&quot;,&quot;credit&quot;:&quot;Daniel&quot;,&quot;camera&quot;:&quot;&quot;,&quot;caption&quot;:&quot;&quot;,&quot;created_timestamp&quot;:&quot;1739206807&quot;,&quot;copyright&quot;:&quot;&quot;,&quot;focal_length&quot;:&quot;0&quot;,&quot;iso&quot;:&quot;0&quot;,&quot;shutter_speed&quot;:&quot;0&quot;,&quot;title&quot;:&quot;&quot;,&quot;orientation&quot;:&quot;0&quot;}\" data-image-title=\"aprobacion parlamento\" data-image-description=\"\" data-image-caption=\"\" data-medium-file=\"https:\/\/coooaoptometria.com\/wp-content\/uploads\/2025\/01\/aprobacion-parlamento.jpg?w=300\" data-large-file=\"https:\/\/coooaoptometria.com\/wp-content\/uploads\/2025\/01\/aprobacion-parlamento.jpg?w=700\" class=\"aligncenter size-large wp-image-7405\" src=\"https:\/\/coooaoptometria.com\/wp-content\/uploads\/2025\/01\/aprobacion-parlamento.jpg?w=700\" alt=\"\" width=\"700\" height=\"302\" \/><\/p>\n<p>El Colegio Oficial de \u00d3pticos-Optometristas de Andaluc\u00eda (COOOA) ha valorado de manera positiva este respaldo un\u00e1nime a una medida que pone en valor la salud visual, especialmente para los colectivos m\u00e1s vulnerables econ\u00f3micamente, as\u00ed como la importante labor sanitaria del profesional \u00f3ptico-optometrista en este sentido. En palabras de Blanca Fern\u00e1ndez, decana-presidenta del COOOA: \u00abCelebramos y respaldamos esta iniciativa legislativa que demuestra la preocupaci\u00f3n del Parlamento Andaluz por el bienestar visual de la poblaci\u00f3n, que garantiza el acceso a una visi\u00f3n de calidad. Con su puesta en marcha se favorecer\u00e1 la detecci\u00f3n temprana de problemas visuales y se reducir\u00e1 la desigualdad en el acceso a productos \u00f3pticos, lo que repercutir\u00e1 positivamente en la calidad de vida de un gran n\u00famero de familias\u201d.<\/p>\n<p>El colegio profesional sanitario andaluz ha mostrado su satisfacci\u00f3n por haber participado activamente en este proceso, tras su comparecencia el pasado mes de mayo en la Mesa de la Comisi\u00f3n de Salud y Consumo del Parlamento de Andaluc\u00eda, a petici\u00f3n de los grupos parlamentarios. Durante esta intervenci\u00f3n, Blanca Fern\u00e1ndez, decana-presidenta; Carmen Garc\u00eda, secretaria general; y Esteban Moreno, vicesecretario general, expusieron la situaci\u00f3n actual del sector \u00f3ptico y optom\u00e9trico y resaltaron la relevancia sanitaria del \u00f3ptico-optometrista en este marco. De igual manera, defendieron la inclusi\u00f3n de ayudas \u00f3pticas no solo para gafas y lentes de contacto, sino tambi\u00e9n para otros productos sanitarios que permiten compensar distintas disfunciones visuales, as\u00ed como la necesidad de facilitar la tramitaci\u00f3n administrativa de estas ayudas para no perjudicar a los establecimientos sanitarios que ofrecen estos servicios.<\/p>\n<blockquote class=\"wp-block-quote is-layout-flow wp-block-quote-is-layout-flow\">\n<p>\u00abCelebramos y respaldamos esta iniciativa legislativa que demuestra la preocupaci\u00f3n del Parlamento Andaluz por el bienestar visual de la poblaci\u00f3n\u00bb<\/p>\n<\/blockquote>\n<p>Publicado en <a href=\"https:\/\/coooaoptometria.com\/2025\/01\/10\/valoracion-positiva-de-la-aprobacion-por-el-parlamento-de-andalucia-el-envio-al-congreso-de-la-ley-de-gratuidad-de-productos-opticos-sanitarios\/\" class=\"autohyperlink\">coooaoptometria.com\/2025\/01\/10\/valoracion-positiva-de-la-aprobacion-por-el-parlamento-de-andalucia-el-envio-al-congreso-de-la-ley-de-gratuidad-de-productos-opticos-sanitarios\/<\/a><\/p>\n","protected":false},"excerpt":{"rendered":"<p>El Parlamento de Andaluc\u00eda ha dado un importante paso en el \u00e1mbito de la visi\u00f3n al aprobar por unanimidad el env\u00edo al Congreso de los Diputados para su tramitaci\u00f3n nacional de la ley que garantiza la gratuidad de productos sanitarios relacionados con la salud visual como gafas y lentes de<\/p>\n","protected":false},"author":2,"featured_media":0,"comment_status":"closed","ping_status":"closed","sticky":false,"template":"","format":"standard","meta":{"footnotes":""},"categories":[10,4],"tags":[],"class_list":["post-3584","post","type-post","status-publish","format-standard","hentry","category-cuidado-ocular","category-espana"],"publishpress_future_action":{"enabled":false,"date":"2026-05-02 05:02:21","action":"change-status","newStatus":"draft","terms":[],"taxonomy":"category","extraData":[]},"publishpress_future_workflow_manual_trigger":{"enabledWorkflows":[]},"_links":{"self":[{"href":"https:\/\/hlrnet.net\/sites\/actu-es\/wp-json\/wp\/v2\/posts\/3584","targetHints":{"allow":["GET"]}}],"collection":[{"href":"https:\/\/hlrnet.net\/sites\/actu-es\/wp-json\/wp\/v2\/posts"}],"about":[{"href":"https:\/\/hlrnet.net\/sites\/actu-es\/wp-json\/wp\/v2\/types\/post"}],"author":[{"embeddable":true,"href":"https:\/\/hlrnet.net\/sites\/actu-es\/wp-json\/wp\/v2\/users\/2"}],"replies":[{"embeddable":true,"href":"https:\/\/hlrnet.net\/sites\/actu-es\/wp-json\/wp\/v2\/comments?post=3584"}],"version-history":[{"count":0,"href":"https:\/\/hlrnet.net\/sites\/actu-es\/wp-json\/wp\/v2\/posts\/3584\/revisions"}],"wp:attachment":[{"href":"https:\/\/hlrnet.net\/sites\/actu-es\/wp-json\/wp\/v2\/media?parent=3584"}],"wp:term":[{"taxonomy":"category","embeddable":true,"href":"https:\/\/hlrnet.net\/sites\/actu-es\/wp-json\/wp\/v2\/categories?post=3584"},{"taxonomy":"post_tag","embeddable":true,"href":"https:\/\/hlrnet.net\/sites\/actu-es\/wp-json\/wp\/v2\/tags?post=3584"}],"curies":[{"name":"wp","href":"https:\/\/api.w.org\/{rel}","templated":true}]}}