{"id":3027,"date":"2023-01-28T07:10:04","date_gmt":"2023-01-28T07:10:04","guid":{"rendered":"https:\/\/intereconomia.com\/uncategorized\/cpyn-ya-tenemos-fecha-para-el-juicio-del-relojero-28-01-2023-20230128-0810\/"},"modified":"2023-01-28T07:10:04","modified_gmt":"2023-01-28T07:10:04","slug":"cpyn-ya-tenemos-fecha-para-el-juicio-del-relojero-28-01-2023","status":"publish","type":"post","link":"https:\/\/hlrnet.net\/sites\/negocios\/2023\/01\/28\/cpyn-ya-tenemos-fecha-para-el-juicio-del-relojero-28-01-2023\/","title":{"rendered":"CPYN, Ya Tenemos fecha para el Juicio del Relojero 28\/01\/2023"},"content":{"rendered":"\n\n<div class=\"kk-star-ratings kksr-auto kksr-align-left kksr-valign-top\"\n    data-payload='{&quot;align&quot;:&quot;left&quot;,&quot;id&quot;:&quot;3027&quot;,&quot;slug&quot;:&quot;default&quot;,&quot;valign&quot;:&quot;top&quot;,&quot;ignore&quot;:&quot;&quot;,&quot;reference&quot;:&quot;auto&quot;,&quot;class&quot;:&quot;&quot;,&quot;count&quot;:&quot;0&quot;,&quot;legendonly&quot;:&quot;&quot;,&quot;readonly&quot;:&quot;&quot;,&quot;score&quot;:&quot;0&quot;,&quot;starsonly&quot;:&quot;&quot;,&quot;best&quot;:&quot;5&quot;,&quot;gap&quot;:&quot;5&quot;,&quot;greet&quot;:&quot;Rate this post&quot;,&quot;legend&quot;:&quot;0\\\/5 - (0 votos)&quot;,&quot;size&quot;:&quot;24&quot;,&quot;title&quot;:&quot;CPYN, Ya Tenemos fecha para el Juicio del Relojero 28\\\/01\\\/2023&quot;,&quot;width&quot;:&quot;0&quot;,&quot;_legend&quot;:&quot;{score}\\\/{best} - ({count} {votes})&quot;,&quot;font_factor&quot;:&quot;1.25&quot;}'>\n            \n<div class=\"kksr-stars\">\n    \n<div class=\"kksr-stars-inactive\">\n            <div class=\"kksr-star\" data-star=\"1\" style=\"padding-right: 5px\">\n            \n\n<div class=\"kksr-icon\" style=\"width: 24px; height: 24px;\"><\/div>\n        <\/div>\n            <div class=\"kksr-star\" data-star=\"2\" style=\"padding-right: 5px\">\n            \n\n<div class=\"kksr-icon\" style=\"width: 24px; height: 24px;\"><\/div>\n        <\/div>\n            <div class=\"kksr-star\" data-star=\"3\" style=\"padding-right: 5px\">\n            \n\n<div class=\"kksr-icon\" style=\"width: 24px; height: 24px;\"><\/div>\n        <\/div>\n            <div class=\"kksr-star\" data-star=\"4\" style=\"padding-right: 5px\">\n            \n\n<div class=\"kksr-icon\" style=\"width: 24px; height: 24px;\"><\/div>\n        <\/div>\n            <div class=\"kksr-star\" data-star=\"5\" style=\"padding-right: 5px\">\n            \n\n<div class=\"kksr-icon\" style=\"width: 24px; height: 24px;\"><\/div>\n        <\/div>\n    <\/div>\n    \n<div class=\"kksr-stars-active\" style=\"width: 0px;\">\n            <div class=\"kksr-star\" style=\"padding-right: 5px\">\n            \n\n<div class=\"kksr-icon\" style=\"width: 24px; height: 24px;\"><\/div>\n        <\/div>\n            <div class=\"kksr-star\" style=\"padding-right: 5px\">\n            \n\n<div class=\"kksr-icon\" style=\"width: 24px; height: 24px;\"><\/div>\n        <\/div>\n            <div class=\"kksr-star\" style=\"padding-right: 5px\">\n            \n\n<div class=\"kksr-icon\" style=\"width: 24px; height: 24px;\"><\/div>\n        <\/div>\n            <div class=\"kksr-star\" style=\"padding-right: 5px\">\n            \n\n<div class=\"kksr-icon\" style=\"width: 24px; height: 24px;\"><\/div>\n        <\/div>\n            <div class=\"kksr-star\" style=\"padding-right: 5px\">\n            \n\n<div class=\"kksr-icon\" style=\"width: 24px; height: 24px;\"><\/div>\n        <\/div>\n    <\/div>\n<\/div>\n                \n\n<div class=\"kksr-legend\" style=\"font-size: 19.2px;\">\n            <span class=\"kksr-muted\">Rate this post<\/span>\n    <\/div>\n    <\/div>\n\n<p>Espacio para todas aquellas personas que aman y disfrutan de sus grandes pasiones la caza y la pesca. Ventana a toda la informaci\u00f3n de nuestro mundo rural, el defensor de nuestras tradiciones y amante de nuestra gastronom\u00eda. A continuaci\u00f3n:<\/p>\n<p>\u2022 Editorial<\/p>\n<p>\u2022 Empezamos con \u00abEspa\u00f1a con ca\u00f1a y R\u00edo de la Vida \u00bb:II Gala Premios de Pesca, Rio de la Vida, seguimos descontando d\u00edas, nuestro Oscar Arratia hoy nos trae al programa al invitado de honor de la Gala, D. Marcos Victor Calleja, una gran suerte tenerlo de nuevo en los micr\u00f3fonos.<\/p>\n<p>\u2022 Continuamos con \u00abActualidad \u00bb: Tenemos fecha para el juicio, en febrero nos veremos las caras con la ladrona de Relojero, Andrea Cid nos actualiza la situaci\u00f3n.<\/p>\n<p>\u2022 Seguimos con \u00abSCI \u00bb: Hoy contamos en los estudios con Jose Mar\u00eda Losa Revert\u00e9, Presidente de SCI Iberian Chapter, hablamos de los futuros eventos donde estar\u00e1 presente Feria de Nashville y por supuesto en Cineg\u00e9tica.<\/p>\n<p>\u2022 Terminamos con\u00ab Cineg\u00e9tica 2023 \u00bb: Seguimos desvelando secretos, Rodrigo Moreno, nos anticipa m\u00e1s actividades y sorpresas de Cineg\u00e9tica 2023.<\/p>\n<p>{iframe}<\/p>\n<p\/>Fuente: <a href=\"https:\/\/intereconomia.com\/programas\/caza-pesca-y-naturaleza\/cpyn-ya-tenemos-fecha-para-el-juicio-del-relojero-28-01-2023-20230128-0810\/\" class=\"autohyperlink\">intereconomia.com\/programas\/caza-pesca-y-naturaleza\/cpyn-ya-tenemos-fecha-para-el-juicio-del-relojero-28-01-2023-20230128-0810\/<\/a><\/p>\n","protected":false},"excerpt":{"rendered":"<p>Espacio para todas aquellas personas que aman y disfrutan de sus grandes pasiones la caza y la pesca. Ventana a toda la informaci\u00f3n de nuestro mundo rural, el defensor de nuestras tradiciones y amante de nuestra gastronom\u00eda. A continuaci\u00f3n: \u2022 Editorial \u2022 Empezamos con \u00abEspa\u00f1a con ca\u00f1a y R\u00edo de<\/p>\n","protected":false},"author":2,"featured_media":0,"comment_status":"closed","ping_status":"closed","sticky":false,"template":"","format":"standard","meta":{"footnotes":""},"categories":[2],"tags":[],"class_list":["post-3027","post","type-post","status-publish","format-standard","hentry","category-prensa-especializada"],"publishpress_future_action":{"enabled":false,"date":"2026-05-02 04:27:02","action":"change-status","newStatus":"draft","terms":[],"taxonomy":"category","extraData":[]},"publishpress_future_workflow_manual_trigger":{"enabledWorkflows":[]},"_links":{"self":[{"href":"https:\/\/hlrnet.net\/sites\/negocios\/wp-json\/wp\/v2\/posts\/3027","targetHints":{"allow":["GET"]}}],"collection":[{"href":"https:\/\/hlrnet.net\/sites\/negocios\/wp-json\/wp\/v2\/posts"}],"about":[{"href":"https:\/\/hlrnet.net\/sites\/negocios\/wp-json\/wp\/v2\/types\/post"}],"author":[{"embeddable":true,"href":"https:\/\/hlrnet.net\/sites\/negocios\/wp-json\/wp\/v2\/users\/2"}],"replies":[{"embeddable":true,"href":"https:\/\/hlrnet.net\/sites\/negocios\/wp-json\/wp\/v2\/comments?post=3027"}],"version-history":[{"count":0,"href":"https:\/\/hlrnet.net\/sites\/negocios\/wp-json\/wp\/v2\/posts\/3027\/revisions"}],"wp:attachment":[{"href":"https:\/\/hlrnet.net\/sites\/negocios\/wp-json\/wp\/v2\/media?parent=3027"}],"wp:term":[{"taxonomy":"category","embeddable":true,"href":"https:\/\/hlrnet.net\/sites\/negocios\/wp-json\/wp\/v2\/categories?post=3027"},{"taxonomy":"post_tag","embeddable":true,"href":"https:\/\/hlrnet.net\/sites\/negocios\/wp-json\/wp\/v2\/tags?post=3027"}],"curies":[{"name":"wp","href":"https:\/\/api.w.org\/{rel}","templated":true}]}}