{"id":3220,"date":"2023-02-14T10:21:16","date_gmt":"2023-02-14T10:21:16","guid":{"rendered":"https:\/\/cincodias.elpais.com\/cincodias\/2023\/02\/13\/opinion\/1676303611_747606.html#?ref=rss&amp;format=simple&amp;link=guid"},"modified":"2023-02-14T10:21:16","modified_gmt":"2023-02-14T10:21:16","slug":"lyft-es-el-numero-dos-de-un-sector-en-el-que-solo-cabe-uno","status":"publish","type":"post","link":"https:\/\/hlrnet.net\/sites\/negocios\/2023\/02\/14\/lyft-es-el-numero-dos-de-un-sector-en-el-que-solo-cabe-uno\/","title":{"rendered":"Lyft es el n\u00famero dos de un sector en el que solo cabe uno"},"content":{"rendered":"\n\n<div class=\"kk-star-ratings kksr-auto kksr-align-left kksr-valign-top\"\n    data-payload='{&quot;align&quot;:&quot;left&quot;,&quot;id&quot;:&quot;3220&quot;,&quot;slug&quot;:&quot;default&quot;,&quot;valign&quot;:&quot;top&quot;,&quot;ignore&quot;:&quot;&quot;,&quot;reference&quot;:&quot;auto&quot;,&quot;class&quot;:&quot;&quot;,&quot;count&quot;:&quot;0&quot;,&quot;legendonly&quot;:&quot;&quot;,&quot;readonly&quot;:&quot;&quot;,&quot;score&quot;:&quot;0&quot;,&quot;starsonly&quot;:&quot;&quot;,&quot;best&quot;:&quot;5&quot;,&quot;gap&quot;:&quot;5&quot;,&quot;greet&quot;:&quot;Rate this post&quot;,&quot;legend&quot;:&quot;0\\\/5 - (0 votos)&quot;,&quot;size&quot;:&quot;24&quot;,&quot;title&quot;:&quot;Lyft es el n\u00famero dos de un sector en el que solo cabe uno&quot;,&quot;width&quot;:&quot;0&quot;,&quot;_legend&quot;:&quot;{score}\\\/{best} - ({count} {votes})&quot;,&quot;font_factor&quot;:&quot;1.25&quot;}'>\n            \n<div class=\"kksr-stars\">\n    \n<div class=\"kksr-stars-inactive\">\n            <div class=\"kksr-star\" data-star=\"1\" style=\"padding-right: 5px\">\n            \n\n<div class=\"kksr-icon\" style=\"width: 24px; height: 24px;\"><\/div>\n        <\/div>\n            <div class=\"kksr-star\" data-star=\"2\" style=\"padding-right: 5px\">\n            \n\n<div class=\"kksr-icon\" style=\"width: 24px; height: 24px;\"><\/div>\n        <\/div>\n            <div class=\"kksr-star\" data-star=\"3\" style=\"padding-right: 5px\">\n            \n\n<div class=\"kksr-icon\" style=\"width: 24px; height: 24px;\"><\/div>\n        <\/div>\n            <div class=\"kksr-star\" data-star=\"4\" style=\"padding-right: 5px\">\n            \n\n<div class=\"kksr-icon\" style=\"width: 24px; height: 24px;\"><\/div>\n        <\/div>\n            <div class=\"kksr-star\" data-star=\"5\" style=\"padding-right: 5px\">\n            \n\n<div class=\"kksr-icon\" style=\"width: 24px; height: 24px;\"><\/div>\n        <\/div>\n    <\/div>\n    \n<div class=\"kksr-stars-active\" style=\"width: 0px;\">\n            <div class=\"kksr-star\" style=\"padding-right: 5px\">\n            \n\n<div class=\"kksr-icon\" style=\"width: 24px; height: 24px;\"><\/div>\n        <\/div>\n            <div class=\"kksr-star\" style=\"padding-right: 5px\">\n            \n\n<div class=\"kksr-icon\" style=\"width: 24px; height: 24px;\"><\/div>\n        <\/div>\n            <div class=\"kksr-star\" style=\"padding-right: 5px\">\n            \n\n<div class=\"kksr-icon\" style=\"width: 24px; height: 24px;\"><\/div>\n        <\/div>\n            <div class=\"kksr-star\" style=\"padding-right: 5px\">\n            \n\n<div class=\"kksr-icon\" style=\"width: 24px; height: 24px;\"><\/div>\n        <\/div>\n            <div class=\"kksr-star\" style=\"padding-right: 5px\">\n            \n\n<div class=\"kksr-icon\" style=\"width: 24px; height: 24px;\"><\/div>\n        <\/div>\n    <\/div>\n<\/div>\n                \n\n<div class=\"kksr-legend\" style=\"font-size: 19.2px;\">\n            <span class=\"kksr-muted\">Rate this post<\/span>\n    <\/div>\n    <\/div>\n\n<p>Las acciones de Lyft perdieron un 35% el pasado viernes por la ma\u00f1ana despu\u00e9s de que la empresa publicase unos resultados trimestrales desoladores. Esa ca\u00edda, junto a la acumulaci\u00f3n de p\u00e9rdidas, muestra hasta qu\u00e9 punto la empresa de trayectos compartidos valorada en 4.000 millones de d\u00f3lares ha ca\u00eddo por detr\u00e1s de su principal rival, Uber Technologies. Cuesta ver la manera en que Lyft pueda recuperar el terreno perdido sin penalizar todav\u00eda m\u00e1s a los accionistas.<\/p>\n<p><a href=\"https:\/\/cincodias.elpais.com\/cincodias\/2023\/02\/13\/opinion\/1676303611_747606.html#?ref=rss&#038;format=simple&#038;link=seguir\">Seguir leyendo<\/a>.<\/p>\n<p\/>Fuente: <a href=\"https:\/\/cincodias.elpais.com\/cincodias\/2023\/02\/13\/opinion\/1676303611_747606.html#?ref=rss&#038;format=simple&#038;link=link\" class=\"autohyperlink\">cincodias.elpais.com\/cincodias\/2023\/02\/13\/opinion\/1676303611_747606.html#?ref=rss&#038;format=simple&#038;link=link<\/a><\/p>\n","protected":false},"excerpt":{"rendered":"<p>Las acciones de Lyft perdieron un 35% el pasado viernes por la ma\u00f1ana despu\u00e9s de que la empresa publicase unos resultados trimestrales desoladores. Esa ca\u00edda, junto a la acumulaci\u00f3n de p\u00e9rdidas, muestra hasta qu\u00e9 punto la empresa de trayectos compartidos valorada en 4.000 millones de d\u00f3lares ha ca\u00eddo por detr\u00e1s<\/p>\n","protected":false},"author":2,"featured_media":0,"comment_status":"closed","ping_status":"closed","sticky":false,"template":"","format":"standard","meta":{"footnotes":""},"categories":[2],"tags":[],"class_list":["post-3220","post","type-post","status-publish","format-standard","hentry","category-prensa-especializada"],"publishpress_future_action":{"enabled":false,"date":"2026-05-03 08:07:22","action":"change-status","newStatus":"draft","terms":[],"taxonomy":"category","extraData":[]},"publishpress_future_workflow_manual_trigger":{"enabledWorkflows":[]},"_links":{"self":[{"href":"https:\/\/hlrnet.net\/sites\/negocios\/wp-json\/wp\/v2\/posts\/3220","targetHints":{"allow":["GET"]}}],"collection":[{"href":"https:\/\/hlrnet.net\/sites\/negocios\/wp-json\/wp\/v2\/posts"}],"about":[{"href":"https:\/\/hlrnet.net\/sites\/negocios\/wp-json\/wp\/v2\/types\/post"}],"author":[{"embeddable":true,"href":"https:\/\/hlrnet.net\/sites\/negocios\/wp-json\/wp\/v2\/users\/2"}],"replies":[{"embeddable":true,"href":"https:\/\/hlrnet.net\/sites\/negocios\/wp-json\/wp\/v2\/comments?post=3220"}],"version-history":[{"count":0,"href":"https:\/\/hlrnet.net\/sites\/negocios\/wp-json\/wp\/v2\/posts\/3220\/revisions"}],"wp:attachment":[{"href":"https:\/\/hlrnet.net\/sites\/negocios\/wp-json\/wp\/v2\/media?parent=3220"}],"wp:term":[{"taxonomy":"category","embeddable":true,"href":"https:\/\/hlrnet.net\/sites\/negocios\/wp-json\/wp\/v2\/categories?post=3220"},{"taxonomy":"post_tag","embeddable":true,"href":"https:\/\/hlrnet.net\/sites\/negocios\/wp-json\/wp\/v2\/tags?post=3220"}],"curies":[{"name":"wp","href":"https:\/\/api.w.org\/{rel}","templated":true}]}}