{"id":3224,"date":"2023-02-14T07:04:49","date_gmt":"2023-02-14T07:04:49","guid":{"rendered":"https:\/\/cincodias.elpais.com\/cincodias\/2023\/02\/13\/opinion\/1676317058_407820.html#?ref=rss&amp;format=simple&amp;link=guid"},"modified":"2023-02-14T07:04:49","modified_gmt":"2023-02-14T07:04:49","slug":"espana-debe-aprovechar-un-2023-mas-despejado-de-lo-previsto","status":"publish","type":"post","link":"https:\/\/hlrnet.net\/sites\/negocios\/2023\/02\/14\/espana-debe-aprovechar-un-2023-mas-despejado-de-lo-previsto\/","title":{"rendered":"Espa\u00f1a debe aprovechar un 2023 m\u00e1s despejado de lo previsto"},"content":{"rendered":"\n\n<div class=\"kk-star-ratings kksr-auto kksr-align-left kksr-valign-top\"\n    data-payload='{&quot;align&quot;:&quot;left&quot;,&quot;id&quot;:&quot;3224&quot;,&quot;slug&quot;:&quot;default&quot;,&quot;valign&quot;:&quot;top&quot;,&quot;ignore&quot;:&quot;&quot;,&quot;reference&quot;:&quot;auto&quot;,&quot;class&quot;:&quot;&quot;,&quot;count&quot;:&quot;0&quot;,&quot;legendonly&quot;:&quot;&quot;,&quot;readonly&quot;:&quot;&quot;,&quot;score&quot;:&quot;0&quot;,&quot;starsonly&quot;:&quot;&quot;,&quot;best&quot;:&quot;5&quot;,&quot;gap&quot;:&quot;5&quot;,&quot;greet&quot;:&quot;Rate this post&quot;,&quot;legend&quot;:&quot;0\\\/5 - (0 votos)&quot;,&quot;size&quot;:&quot;24&quot;,&quot;title&quot;:&quot;Espa\u00f1a debe aprovechar un 2023 m\u00e1s despejado de lo previsto&quot;,&quot;width&quot;:&quot;0&quot;,&quot;_legend&quot;:&quot;{score}\\\/{best} - ({count} {votes})&quot;,&quot;font_factor&quot;:&quot;1.25&quot;}'>\n            \n<div class=\"kksr-stars\">\n    \n<div class=\"kksr-stars-inactive\">\n            <div class=\"kksr-star\" data-star=\"1\" style=\"padding-right: 5px\">\n            \n\n<div class=\"kksr-icon\" style=\"width: 24px; height: 24px;\"><\/div>\n        <\/div>\n            <div class=\"kksr-star\" data-star=\"2\" style=\"padding-right: 5px\">\n            \n\n<div class=\"kksr-icon\" style=\"width: 24px; height: 24px;\"><\/div>\n        <\/div>\n            <div class=\"kksr-star\" data-star=\"3\" style=\"padding-right: 5px\">\n            \n\n<div class=\"kksr-icon\" style=\"width: 24px; height: 24px;\"><\/div>\n        <\/div>\n            <div class=\"kksr-star\" data-star=\"4\" style=\"padding-right: 5px\">\n            \n\n<div class=\"kksr-icon\" style=\"width: 24px; height: 24px;\"><\/div>\n        <\/div>\n            <div class=\"kksr-star\" data-star=\"5\" style=\"padding-right: 5px\">\n            \n\n<div class=\"kksr-icon\" style=\"width: 24px; height: 24px;\"><\/div>\n        <\/div>\n    <\/div>\n    \n<div class=\"kksr-stars-active\" style=\"width: 0px;\">\n            <div class=\"kksr-star\" style=\"padding-right: 5px\">\n            \n\n<div class=\"kksr-icon\" style=\"width: 24px; height: 24px;\"><\/div>\n        <\/div>\n            <div class=\"kksr-star\" style=\"padding-right: 5px\">\n            \n\n<div class=\"kksr-icon\" style=\"width: 24px; height: 24px;\"><\/div>\n        <\/div>\n            <div class=\"kksr-star\" style=\"padding-right: 5px\">\n            \n\n<div class=\"kksr-icon\" style=\"width: 24px; height: 24px;\"><\/div>\n        <\/div>\n            <div class=\"kksr-star\" style=\"padding-right: 5px\">\n            \n\n<div class=\"kksr-icon\" style=\"width: 24px; height: 24px;\"><\/div>\n        <\/div>\n            <div class=\"kksr-star\" style=\"padding-right: 5px\">\n            \n\n<div class=\"kksr-icon\" style=\"width: 24px; height: 24px;\"><\/div>\n        <\/div>\n    <\/div>\n<\/div>\n                \n\n<div class=\"kksr-legend\" style=\"font-size: 19.2px;\">\n            <span class=\"kksr-muted\">Rate this post<\/span>\n    <\/div>\n    <\/div>\n\n<p>Los tambores de recesi\u00f3n t\u00e9cnica que durante el a\u00f1o pasado retumbaron como tono de fondo de las previsiones econ\u00f3micas para 2023 parecen despejarse poco a poco. Las previsiones de invierno presentadas ayer por la Comisi\u00f3n Europea descartan ese escenario al dibujar una radiograf\u00eda econ\u00f3mica de la zona euro capaz de resistir mejor de lo previsto los retos del a\u00f1o en curso. La UE y la eurozona crecer\u00e1n m\u00e1s de lo que se esperaba, lo que en el caso de Espa\u00f1a significa liderar la zona euro en ritmo de actividad, que se situar\u00e1 en el 1,4% del PIB frente al 1% calculado por Bruselas el pasado oto\u00f1o. Desde el Ejecutivo comunitario se recuerda que la econom\u00eda espa\u00f1ola cerr\u00f3 2022 con un punto m\u00e1s de crecimiento de lo previsto y que el gran motor de ese repunte fue el turismo, que puede ser convertirse tambi\u00e9n en un factor clave para la econom\u00eda este a\u00f1o y el siguiente.<\/p>\n<p><a href=\"https:\/\/cincodias.elpais.com\/cincodias\/2023\/02\/13\/opinion\/1676317058_407820.html#?ref=rss&#038;format=simple&#038;link=seguir\">Seguir leyendo<\/a>.<\/p>\n<p\/>Fuente: <a href=\"https:\/\/cincodias.elpais.com\/cincodias\/2023\/02\/13\/opinion\/1676317058_407820.html#?ref=rss&#038;format=simple&#038;link=link\" class=\"autohyperlink\">cincodias.elpais.com\/cincodias\/2023\/02\/13\/opinion\/1676317058_407820.html#?ref=rss&#038;format=simple&#038;link=link<\/a><\/p>\n","protected":false},"excerpt":{"rendered":"<p>Los tambores de recesi\u00f3n t\u00e9cnica que durante el a\u00f1o pasado retumbaron como tono de fondo de las previsiones econ\u00f3micas para 2023 parecen despejarse poco a poco. Las previsiones de invierno presentadas ayer por la Comisi\u00f3n Europea descartan ese escenario al dibujar una radiograf\u00eda econ\u00f3mica de la zona euro capaz de<\/p>\n","protected":false},"author":2,"featured_media":0,"comment_status":"closed","ping_status":"closed","sticky":false,"template":"","format":"standard","meta":{"footnotes":""},"categories":[2],"tags":[],"class_list":["post-3224","post","type-post","status-publish","format-standard","hentry","category-prensa-especializada"],"publishpress_future_action":{"enabled":false,"date":"2026-05-03 08:06:56","action":"change-status","newStatus":"draft","terms":[],"taxonomy":"category","extraData":[]},"publishpress_future_workflow_manual_trigger":{"enabledWorkflows":[]},"_links":{"self":[{"href":"https:\/\/hlrnet.net\/sites\/negocios\/wp-json\/wp\/v2\/posts\/3224","targetHints":{"allow":["GET"]}}],"collection":[{"href":"https:\/\/hlrnet.net\/sites\/negocios\/wp-json\/wp\/v2\/posts"}],"about":[{"href":"https:\/\/hlrnet.net\/sites\/negocios\/wp-json\/wp\/v2\/types\/post"}],"author":[{"embeddable":true,"href":"https:\/\/hlrnet.net\/sites\/negocios\/wp-json\/wp\/v2\/users\/2"}],"replies":[{"embeddable":true,"href":"https:\/\/hlrnet.net\/sites\/negocios\/wp-json\/wp\/v2\/comments?post=3224"}],"version-history":[{"count":0,"href":"https:\/\/hlrnet.net\/sites\/negocios\/wp-json\/wp\/v2\/posts\/3224\/revisions"}],"wp:attachment":[{"href":"https:\/\/hlrnet.net\/sites\/negocios\/wp-json\/wp\/v2\/media?parent=3224"}],"wp:term":[{"taxonomy":"category","embeddable":true,"href":"https:\/\/hlrnet.net\/sites\/negocios\/wp-json\/wp\/v2\/categories?post=3224"},{"taxonomy":"post_tag","embeddable":true,"href":"https:\/\/hlrnet.net\/sites\/negocios\/wp-json\/wp\/v2\/tags?post=3224"}],"curies":[{"name":"wp","href":"https:\/\/api.w.org\/{rel}","templated":true}]}}