{"id":3277,"date":"2023-02-13T18:42:39","date_gmt":"2023-02-13T18:42:39","guid":{"rendered":"https:\/\/cincodias.elpais.com\/cincodias\/2023\/02\/13\/economia\/1676313201_874181.html#?ref=rss&amp;format=simple&amp;link=guid"},"modified":"2023-02-13T18:42:39","modified_gmt":"2023-02-13T18:42:39","slug":"bruselas-afirma-que-es-el-momento-de-volver-a-la-prudencia-fiscal","status":"publish","type":"post","link":"https:\/\/hlrnet.net\/sites\/negocios\/2023\/02\/13\/bruselas-afirma-que-es-el-momento-de-volver-a-la-prudencia-fiscal\/","title":{"rendered":"Bruselas afirma que es el momento de volver a la prudencia fiscal"},"content":{"rendered":"\n\n<div class=\"kk-star-ratings kksr-auto kksr-align-left kksr-valign-top\"\n    data-payload='{&quot;align&quot;:&quot;left&quot;,&quot;id&quot;:&quot;3277&quot;,&quot;slug&quot;:&quot;default&quot;,&quot;valign&quot;:&quot;top&quot;,&quot;ignore&quot;:&quot;&quot;,&quot;reference&quot;:&quot;auto&quot;,&quot;class&quot;:&quot;&quot;,&quot;count&quot;:&quot;0&quot;,&quot;legendonly&quot;:&quot;&quot;,&quot;readonly&quot;:&quot;&quot;,&quot;score&quot;:&quot;0&quot;,&quot;starsonly&quot;:&quot;&quot;,&quot;best&quot;:&quot;5&quot;,&quot;gap&quot;:&quot;5&quot;,&quot;greet&quot;:&quot;Rate this post&quot;,&quot;legend&quot;:&quot;0\\\/5 - (0 votos)&quot;,&quot;size&quot;:&quot;24&quot;,&quot;title&quot;:&quot;Bruselas afirma que es el momento de volver a la prudencia fiscal&quot;,&quot;width&quot;:&quot;0&quot;,&quot;_legend&quot;:&quot;{score}\\\/{best} - ({count} {votes})&quot;,&quot;font_factor&quot;:&quot;1.25&quot;}'>\n            \n<div class=\"kksr-stars\">\n    \n<div class=\"kksr-stars-inactive\">\n            <div class=\"kksr-star\" data-star=\"1\" style=\"padding-right: 5px\">\n            \n\n<div class=\"kksr-icon\" style=\"width: 24px; height: 24px;\"><\/div>\n        <\/div>\n            <div class=\"kksr-star\" data-star=\"2\" style=\"padding-right: 5px\">\n            \n\n<div class=\"kksr-icon\" style=\"width: 24px; height: 24px;\"><\/div>\n        <\/div>\n            <div class=\"kksr-star\" data-star=\"3\" style=\"padding-right: 5px\">\n            \n\n<div class=\"kksr-icon\" style=\"width: 24px; height: 24px;\"><\/div>\n        <\/div>\n            <div class=\"kksr-star\" data-star=\"4\" style=\"padding-right: 5px\">\n            \n\n<div class=\"kksr-icon\" style=\"width: 24px; height: 24px;\"><\/div>\n        <\/div>\n            <div class=\"kksr-star\" data-star=\"5\" style=\"padding-right: 5px\">\n            \n\n<div class=\"kksr-icon\" style=\"width: 24px; height: 24px;\"><\/div>\n        <\/div>\n    <\/div>\n    \n<div class=\"kksr-stars-active\" style=\"width: 0px;\">\n            <div class=\"kksr-star\" style=\"padding-right: 5px\">\n            \n\n<div class=\"kksr-icon\" style=\"width: 24px; height: 24px;\"><\/div>\n        <\/div>\n            <div class=\"kksr-star\" style=\"padding-right: 5px\">\n            \n\n<div class=\"kksr-icon\" style=\"width: 24px; height: 24px;\"><\/div>\n        <\/div>\n            <div class=\"kksr-star\" style=\"padding-right: 5px\">\n            \n\n<div class=\"kksr-icon\" style=\"width: 24px; height: 24px;\"><\/div>\n        <\/div>\n            <div class=\"kksr-star\" style=\"padding-right: 5px\">\n            \n\n<div class=\"kksr-icon\" style=\"width: 24px; height: 24px;\"><\/div>\n        <\/div>\n            <div class=\"kksr-star\" style=\"padding-right: 5px\">\n            \n\n<div class=\"kksr-icon\" style=\"width: 24px; height: 24px;\"><\/div>\n        <\/div>\n    <\/div>\n<\/div>\n                \n\n<div class=\"kksr-legend\" style=\"font-size: 19.2px;\">\n            <span class=\"kksr-muted\">Rate this post<\/span>\n    <\/div>\n    <\/div>\n\n<p>La Comisi\u00f3n Europea llama a la puerta de la prudencia fiscal. Su vicepresidente econ\u00f3mico, Valdis Dombrovskis, coment\u00f3 ayer que \u00abes el momento de avanzar a posiciones fiscales m\u00e1s prudentes\u00bb en los pa\u00edses europeos, dado el contexto de alta inflaci\u00f3n y subidas de tipos.<\/p>\n<p><a href=\"https:\/\/cincodias.elpais.com\/cincodias\/2023\/02\/13\/economia\/1676313201_874181.html#?ref=rss&#038;format=simple&#038;link=seguir\">Seguir leyendo<\/a>.<\/p>\n<p\/>Fuente: <a href=\"https:\/\/cincodias.elpais.com\/cincodias\/2023\/02\/13\/economia\/1676313201_874181.html#?ref=rss&#038;format=simple&#038;link=link\" class=\"autohyperlink\">cincodias.elpais.com\/cincodias\/2023\/02\/13\/economia\/1676313201_874181.html#?ref=rss&#038;format=simple&#038;link=link<\/a><\/p>\n","protected":false},"excerpt":{"rendered":"<p>La Comisi\u00f3n Europea llama a la puerta de la prudencia fiscal. Su vicepresidente econ\u00f3mico, Valdis Dombrovskis, coment\u00f3 ayer que \u00abes el momento de avanzar a posiciones fiscales m\u00e1s prudentes\u00bb en los pa\u00edses europeos, dado el contexto de alta inflaci\u00f3n y subidas de tipos. Seguir leyendo. Fuente: <a href=\"http:\/\/cincodias.elpais.com\/cincodias\/2023\/02\/13\/economia\/1676313201_874181.html#?ref=rss&#038;format=simple&#038;link=link\" class=\"autohyperlink\">cincodias.elpais.com\/cincodias\/2023\/02\/13\/economia\/1676313201_874181.html#?ref=rss&#038;format=simple&#038;link=link<\/a><\/p>\n","protected":false},"author":2,"featured_media":0,"comment_status":"closed","ping_status":"closed","sticky":false,"template":"","format":"standard","meta":{"footnotes":""},"categories":[2],"tags":[],"class_list":["post-3277","post","type-post","status-publish","format-standard","hentry","category-prensa-especializada"],"publishpress_future_action":{"enabled":false,"date":"2026-05-03 14:56:27","action":"change-status","newStatus":"draft","terms":[],"taxonomy":"category","extraData":[]},"publishpress_future_workflow_manual_trigger":{"enabledWorkflows":[]},"_links":{"self":[{"href":"https:\/\/hlrnet.net\/sites\/negocios\/wp-json\/wp\/v2\/posts\/3277","targetHints":{"allow":["GET"]}}],"collection":[{"href":"https:\/\/hlrnet.net\/sites\/negocios\/wp-json\/wp\/v2\/posts"}],"about":[{"href":"https:\/\/hlrnet.net\/sites\/negocios\/wp-json\/wp\/v2\/types\/post"}],"author":[{"embeddable":true,"href":"https:\/\/hlrnet.net\/sites\/negocios\/wp-json\/wp\/v2\/users\/2"}],"replies":[{"embeddable":true,"href":"https:\/\/hlrnet.net\/sites\/negocios\/wp-json\/wp\/v2\/comments?post=3277"}],"version-history":[{"count":0,"href":"https:\/\/hlrnet.net\/sites\/negocios\/wp-json\/wp\/v2\/posts\/3277\/revisions"}],"wp:attachment":[{"href":"https:\/\/hlrnet.net\/sites\/negocios\/wp-json\/wp\/v2\/media?parent=3277"}],"wp:term":[{"taxonomy":"category","embeddable":true,"href":"https:\/\/hlrnet.net\/sites\/negocios\/wp-json\/wp\/v2\/categories?post=3277"},{"taxonomy":"post_tag","embeddable":true,"href":"https:\/\/hlrnet.net\/sites\/negocios\/wp-json\/wp\/v2\/tags?post=3277"}],"curies":[{"name":"wp","href":"https:\/\/api.w.org\/{rel}","templated":true}]}}