{"id":3282,"date":"2023-02-13T18:43:38","date_gmt":"2023-02-13T18:43:38","guid":{"rendered":"https:\/\/cincodias.elpais.com\/cincodias\/2023\/02\/13\/companias\/1676305349_151184.html#?ref=rss&amp;format=simple&amp;link=guid"},"modified":"2023-02-13T18:43:38","modified_gmt":"2023-02-13T18:43:38","slug":"alemania-y-seis-paises-mas-discrepan-de-la-propuesta-de-espana-para-reformar-el-mercado-electrico-europeo","status":"publish","type":"post","link":"https:\/\/hlrnet.net\/sites\/negocios\/2023\/02\/13\/alemania-y-seis-paises-mas-discrepan-de-la-propuesta-de-espana-para-reformar-el-mercado-electrico-europeo\/","title":{"rendered":"Alemania y seis pa\u00edses m\u00e1s discrepan de la propuesta de Espa\u00f1a para reformar el mercado el\u00e9ctrico europeo"},"content":{"rendered":"\n\n<div class=\"kk-star-ratings kksr-auto kksr-align-left kksr-valign-top\"\n    data-payload='{&quot;align&quot;:&quot;left&quot;,&quot;id&quot;:&quot;3282&quot;,&quot;slug&quot;:&quot;default&quot;,&quot;valign&quot;:&quot;top&quot;,&quot;ignore&quot;:&quot;&quot;,&quot;reference&quot;:&quot;auto&quot;,&quot;class&quot;:&quot;&quot;,&quot;count&quot;:&quot;0&quot;,&quot;legendonly&quot;:&quot;&quot;,&quot;readonly&quot;:&quot;&quot;,&quot;score&quot;:&quot;0&quot;,&quot;starsonly&quot;:&quot;&quot;,&quot;best&quot;:&quot;5&quot;,&quot;gap&quot;:&quot;5&quot;,&quot;greet&quot;:&quot;Rate this post&quot;,&quot;legend&quot;:&quot;0\\\/5 - (0 votos)&quot;,&quot;size&quot;:&quot;24&quot;,&quot;title&quot;:&quot;Alemania y seis pa\u00edses m\u00e1s discrepan de la propuesta de Espa\u00f1a para reformar el mercado el\u00e9ctrico europeo&quot;,&quot;width&quot;:&quot;0&quot;,&quot;_legend&quot;:&quot;{score}\\\/{best} - ({count} {votes})&quot;,&quot;font_factor&quot;:&quot;1.25&quot;}'>\n            \n<div class=\"kksr-stars\">\n    \n<div class=\"kksr-stars-inactive\">\n            <div class=\"kksr-star\" data-star=\"1\" style=\"padding-right: 5px\">\n            \n\n<div class=\"kksr-icon\" style=\"width: 24px; height: 24px;\"><\/div>\n        <\/div>\n            <div class=\"kksr-star\" data-star=\"2\" style=\"padding-right: 5px\">\n            \n\n<div class=\"kksr-icon\" style=\"width: 24px; height: 24px;\"><\/div>\n        <\/div>\n            <div class=\"kksr-star\" data-star=\"3\" style=\"padding-right: 5px\">\n            \n\n<div class=\"kksr-icon\" style=\"width: 24px; height: 24px;\"><\/div>\n        <\/div>\n            <div class=\"kksr-star\" data-star=\"4\" style=\"padding-right: 5px\">\n            \n\n<div class=\"kksr-icon\" style=\"width: 24px; height: 24px;\"><\/div>\n        <\/div>\n            <div class=\"kksr-star\" data-star=\"5\" style=\"padding-right: 5px\">\n            \n\n<div class=\"kksr-icon\" style=\"width: 24px; height: 24px;\"><\/div>\n        <\/div>\n    <\/div>\n    \n<div class=\"kksr-stars-active\" style=\"width: 0px;\">\n            <div class=\"kksr-star\" style=\"padding-right: 5px\">\n            \n\n<div class=\"kksr-icon\" style=\"width: 24px; height: 24px;\"><\/div>\n        <\/div>\n            <div class=\"kksr-star\" style=\"padding-right: 5px\">\n            \n\n<div class=\"kksr-icon\" style=\"width: 24px; height: 24px;\"><\/div>\n        <\/div>\n            <div class=\"kksr-star\" style=\"padding-right: 5px\">\n            \n\n<div class=\"kksr-icon\" style=\"width: 24px; height: 24px;\"><\/div>\n        <\/div>\n            <div class=\"kksr-star\" style=\"padding-right: 5px\">\n            \n\n<div class=\"kksr-icon\" style=\"width: 24px; height: 24px;\"><\/div>\n        <\/div>\n            <div class=\"kksr-star\" style=\"padding-right: 5px\">\n            \n\n<div class=\"kksr-icon\" style=\"width: 24px; height: 24px;\"><\/div>\n        <\/div>\n    <\/div>\n<\/div>\n                \n\n<div class=\"kksr-legend\" style=\"font-size: 19.2px;\">\n            <span class=\"kksr-muted\">Rate this post<\/span>\n    <\/div>\n    <\/div>\n\n<p><strong>Alemania<\/strong> ha encontrado seis aliados (<strong>Pa\u00edses Bajos, Luxemburgo, Dinamarca, Finlandia, Estonia y Letonia<\/strong>) para defender ante Bruselas el actual modelo de mercado mayorista de la electricidad, frente a la posici\u00f3n iconoclasta de Espa\u00f1a que, el pasado enero estren\u00f3 el debate sobre el futuro de dicho mercado abierto por la Comisi\u00f3n Europea con una propuesta intervencionista. Hoy termina el plazo para la presentaci\u00f3n de alegaciones con dos bloques diferenciados: el de Alemania y los citados aliados y los de los pa\u00edses del sur, que han remitido sus propuestas por separado (<strong>Espa\u00f1a, Francia, Italia y Portugal<\/strong>) y algunos pa\u00edses del Este.<\/p>\n<p><a href=\"https:\/\/cincodias.elpais.com\/cincodias\/2023\/02\/13\/companias\/1676305349_151184.html#?ref=rss&#038;format=simple&#038;link=seguir\">Seguir leyendo<\/a>.<\/p>\n<p\/>Fuente: <a href=\"https:\/\/cincodias.elpais.com\/cincodias\/2023\/02\/13\/companias\/1676305349_151184.html#?ref=rss&#038;format=simple&#038;link=link\" class=\"autohyperlink\">cincodias.elpais.com\/cincodias\/2023\/02\/13\/companias\/1676305349_151184.html#?ref=rss&#038;format=simple&#038;link=link<\/a><\/p>\n","protected":false},"excerpt":{"rendered":"<p>Alemania ha encontrado seis aliados (Pa\u00edses Bajos, Luxemburgo, Dinamarca, Finlandia, Estonia y Letonia) para defender ante Bruselas el actual modelo de mercado mayorista de la electricidad, frente a la posici\u00f3n iconoclasta de Espa\u00f1a que, el pasado enero estren\u00f3 el debate sobre el futuro de dicho mercado abierto por la Comisi\u00f3n<\/p>\n","protected":false},"author":2,"featured_media":0,"comment_status":"closed","ping_status":"closed","sticky":false,"template":"","format":"standard","meta":{"footnotes":""},"categories":[2],"tags":[],"class_list":["post-3282","post","type-post","status-publish","format-standard","hentry","category-prensa-especializada"],"publishpress_future_action":{"enabled":false,"date":"2026-05-03 06:58:50","action":"change-status","newStatus":"draft","terms":[],"taxonomy":"category","extraData":[]},"publishpress_future_workflow_manual_trigger":{"enabledWorkflows":[]},"_links":{"self":[{"href":"https:\/\/hlrnet.net\/sites\/negocios\/wp-json\/wp\/v2\/posts\/3282","targetHints":{"allow":["GET"]}}],"collection":[{"href":"https:\/\/hlrnet.net\/sites\/negocios\/wp-json\/wp\/v2\/posts"}],"about":[{"href":"https:\/\/hlrnet.net\/sites\/negocios\/wp-json\/wp\/v2\/types\/post"}],"author":[{"embeddable":true,"href":"https:\/\/hlrnet.net\/sites\/negocios\/wp-json\/wp\/v2\/users\/2"}],"replies":[{"embeddable":true,"href":"https:\/\/hlrnet.net\/sites\/negocios\/wp-json\/wp\/v2\/comments?post=3282"}],"version-history":[{"count":0,"href":"https:\/\/hlrnet.net\/sites\/negocios\/wp-json\/wp\/v2\/posts\/3282\/revisions"}],"wp:attachment":[{"href":"https:\/\/hlrnet.net\/sites\/negocios\/wp-json\/wp\/v2\/media?parent=3282"}],"wp:term":[{"taxonomy":"category","embeddable":true,"href":"https:\/\/hlrnet.net\/sites\/negocios\/wp-json\/wp\/v2\/categories?post=3282"},{"taxonomy":"post_tag","embeddable":true,"href":"https:\/\/hlrnet.net\/sites\/negocios\/wp-json\/wp\/v2\/tags?post=3282"}],"curies":[{"name":"wp","href":"https:\/\/api.w.org\/{rel}","templated":true}]}}