{"id":3291,"date":"2023-02-14T05:25:42","date_gmt":"2023-02-14T05:25:42","guid":{"rendered":"https:\/\/cincodias.elpais.com\/cincodias\/2023\/02\/13\/economia\/1676291223_770510.html#?ref=rss&amp;format=simple&amp;link=guid"},"modified":"2023-02-14T05:25:42","modified_gmt":"2023-02-14T05:25:42","slug":"la-incertidumbre-seguira-difuminando-las-previsiones-economicas-de-2023","status":"publish","type":"post","link":"https:\/\/hlrnet.net\/sites\/negocios\/2023\/02\/14\/la-incertidumbre-seguira-difuminando-las-previsiones-economicas-de-2023\/","title":{"rendered":"La incertidumbre seguir\u00e1 difuminando las previsiones econ\u00f3micas de 2023"},"content":{"rendered":"\n\n<div class=\"kk-star-ratings kksr-auto kksr-align-left kksr-valign-top\"\n    data-payload='{&quot;align&quot;:&quot;left&quot;,&quot;id&quot;:&quot;3291&quot;,&quot;slug&quot;:&quot;default&quot;,&quot;valign&quot;:&quot;top&quot;,&quot;ignore&quot;:&quot;&quot;,&quot;reference&quot;:&quot;auto&quot;,&quot;class&quot;:&quot;&quot;,&quot;count&quot;:&quot;0&quot;,&quot;legendonly&quot;:&quot;&quot;,&quot;readonly&quot;:&quot;&quot;,&quot;score&quot;:&quot;0&quot;,&quot;starsonly&quot;:&quot;&quot;,&quot;best&quot;:&quot;5&quot;,&quot;gap&quot;:&quot;5&quot;,&quot;greet&quot;:&quot;Rate this post&quot;,&quot;legend&quot;:&quot;0\\\/5 - (0 votos)&quot;,&quot;size&quot;:&quot;24&quot;,&quot;title&quot;:&quot;La incertidumbre seguir\u00e1 difuminando las previsiones econ\u00f3micas de 2023&quot;,&quot;width&quot;:&quot;0&quot;,&quot;_legend&quot;:&quot;{score}\\\/{best} - ({count} {votes})&quot;,&quot;font_factor&quot;:&quot;1.25&quot;}'>\n            \n<div class=\"kksr-stars\">\n    \n<div class=\"kksr-stars-inactive\">\n            <div class=\"kksr-star\" data-star=\"1\" style=\"padding-right: 5px\">\n            \n\n<div class=\"kksr-icon\" style=\"width: 24px; height: 24px;\"><\/div>\n        <\/div>\n            <div class=\"kksr-star\" data-star=\"2\" style=\"padding-right: 5px\">\n            \n\n<div class=\"kksr-icon\" style=\"width: 24px; height: 24px;\"><\/div>\n        <\/div>\n            <div class=\"kksr-star\" data-star=\"3\" style=\"padding-right: 5px\">\n            \n\n<div class=\"kksr-icon\" style=\"width: 24px; height: 24px;\"><\/div>\n        <\/div>\n            <div class=\"kksr-star\" data-star=\"4\" style=\"padding-right: 5px\">\n            \n\n<div class=\"kksr-icon\" style=\"width: 24px; height: 24px;\"><\/div>\n        <\/div>\n            <div class=\"kksr-star\" data-star=\"5\" style=\"padding-right: 5px\">\n            \n\n<div class=\"kksr-icon\" style=\"width: 24px; height: 24px;\"><\/div>\n        <\/div>\n    <\/div>\n    \n<div class=\"kksr-stars-active\" style=\"width: 0px;\">\n            <div class=\"kksr-star\" style=\"padding-right: 5px\">\n            \n\n<div class=\"kksr-icon\" style=\"width: 24px; height: 24px;\"><\/div>\n        <\/div>\n            <div class=\"kksr-star\" style=\"padding-right: 5px\">\n            \n\n<div class=\"kksr-icon\" style=\"width: 24px; height: 24px;\"><\/div>\n        <\/div>\n            <div class=\"kksr-star\" style=\"padding-right: 5px\">\n            \n\n<div class=\"kksr-icon\" style=\"width: 24px; height: 24px;\"><\/div>\n        <\/div>\n            <div class=\"kksr-star\" style=\"padding-right: 5px\">\n            \n\n<div class=\"kksr-icon\" style=\"width: 24px; height: 24px;\"><\/div>\n        <\/div>\n            <div class=\"kksr-star\" style=\"padding-right: 5px\">\n            \n\n<div class=\"kksr-icon\" style=\"width: 24px; height: 24px;\"><\/div>\n        <\/div>\n    <\/div>\n<\/div>\n                \n\n<div class=\"kksr-legend\" style=\"font-size: 19.2px;\">\n            <span class=\"kksr-muted\">Rate this post<\/span>\n    <\/div>\n    <\/div>\n\n<p>En el \u00faltimo a\u00f1o, el baile de previsiones de las instituciones econ\u00f3micas ha sido intenso. El consenso del crecimiento econ\u00f3mico <a href=\"https:\/\/cincodias.elpais.com\/cincodias\/2023\/01\/19\/economia\/1674128438_146282.html\" target=\"_blank\" rel=\"noopener\">de los paneles de Funcas<\/a>, es decir, la media de las estimaciones de las principales instituciones econ\u00f3micas, empez\u00f3 el a\u00f1o pasado augurando un crecimiento econ\u00f3mico del 4,9% del Producto Interior Bruto (PIB) para 2022. A mitad de a\u00f1o, en julio, las evaluaciones bajaron hasta prever un incremento del PIB interanual del 4,2% y, en el \u00faltimo panel, el crecimiento medio estimado se elev\u00f3 hasta situarse en el 5%. <a href=\"https:\/\/cincodias.elpais.com\/cincodias\/2023\/01\/27\/economia\/1674805546_914854.html\" target=\"_blank\" rel=\"noopener\">El dato final de la contabilidad nacional termin\u00f3 por encima, en el 5,5%<\/a>. Algo similar ocurri\u00f3 con el empleo y la inflaci\u00f3n.\u00a0<\/p>\n<p><a href=\"https:\/\/cincodias.elpais.com\/cincodias\/2023\/02\/13\/economia\/1676291223_770510.html#?ref=rss&#038;format=simple&#038;link=seguir\">Seguir leyendo<\/a>.<\/p>\n<p\/>Fuente: <a href=\"https:\/\/cincodias.elpais.com\/cincodias\/2023\/02\/13\/economia\/1676291223_770510.html#?ref=rss&#038;format=simple&#038;link=link\" class=\"autohyperlink\">cincodias.elpais.com\/cincodias\/2023\/02\/13\/economia\/1676291223_770510.html#?ref=rss&#038;format=simple&#038;link=link<\/a><\/p>\n","protected":false},"excerpt":{"rendered":"<p>En el \u00faltimo a\u00f1o, el baile de previsiones de las instituciones econ\u00f3micas ha sido intenso. El consenso del crecimiento econ\u00f3mico de los paneles de Funcas, es decir, la media de las estimaciones de las principales instituciones econ\u00f3micas, empez\u00f3 el a\u00f1o pasado augurando un crecimiento econ\u00f3mico del 4,9% del Producto Interior<\/p>\n","protected":false},"author":2,"featured_media":0,"comment_status":"closed","ping_status":"closed","sticky":false,"template":"","format":"standard","meta":{"footnotes":""},"categories":[2],"tags":[],"class_list":["post-3291","post","type-post","status-publish","format-standard","hentry","category-prensa-especializada"],"publishpress_future_action":{"enabled":false,"date":"2026-05-03 06:59:51","action":"change-status","newStatus":"draft","terms":[],"taxonomy":"category","extraData":[]},"publishpress_future_workflow_manual_trigger":{"enabledWorkflows":[]},"_links":{"self":[{"href":"https:\/\/hlrnet.net\/sites\/negocios\/wp-json\/wp\/v2\/posts\/3291","targetHints":{"allow":["GET"]}}],"collection":[{"href":"https:\/\/hlrnet.net\/sites\/negocios\/wp-json\/wp\/v2\/posts"}],"about":[{"href":"https:\/\/hlrnet.net\/sites\/negocios\/wp-json\/wp\/v2\/types\/post"}],"author":[{"embeddable":true,"href":"https:\/\/hlrnet.net\/sites\/negocios\/wp-json\/wp\/v2\/users\/2"}],"replies":[{"embeddable":true,"href":"https:\/\/hlrnet.net\/sites\/negocios\/wp-json\/wp\/v2\/comments?post=3291"}],"version-history":[{"count":0,"href":"https:\/\/hlrnet.net\/sites\/negocios\/wp-json\/wp\/v2\/posts\/3291\/revisions"}],"wp:attachment":[{"href":"https:\/\/hlrnet.net\/sites\/negocios\/wp-json\/wp\/v2\/media?parent=3291"}],"wp:term":[{"taxonomy":"category","embeddable":true,"href":"https:\/\/hlrnet.net\/sites\/negocios\/wp-json\/wp\/v2\/categories?post=3291"},{"taxonomy":"post_tag","embeddable":true,"href":"https:\/\/hlrnet.net\/sites\/negocios\/wp-json\/wp\/v2\/tags?post=3291"}],"curies":[{"name":"wp","href":"https:\/\/api.w.org\/{rel}","templated":true}]}}