{"id":3496,"date":"2023-05-28T17:32:06","date_gmt":"2023-05-28T17:32:06","guid":{"rendered":"https:\/\/financialred.com\/?p=56717"},"modified":"2023-05-28T17:32:06","modified_gmt":"2023-05-28T17:32:06","slug":"la-inflacion-dificulta-la-calidad-de-vida-de-los-espanoles","status":"publish","type":"post","link":"https:\/\/hlrnet.net\/sites\/negocios\/2023\/05\/28\/la-inflacion-dificulta-la-calidad-de-vida-de-los-espanoles\/","title":{"rendered":"La Inflaci\u00f3n dificulta la calidad de vida de los espa\u00f1oles"},"content":{"rendered":"\n\n<div class=\"kk-star-ratings kksr-auto kksr-align-left kksr-valign-top\"\n    data-payload='{&quot;align&quot;:&quot;left&quot;,&quot;id&quot;:&quot;3496&quot;,&quot;slug&quot;:&quot;default&quot;,&quot;valign&quot;:&quot;top&quot;,&quot;ignore&quot;:&quot;&quot;,&quot;reference&quot;:&quot;auto&quot;,&quot;class&quot;:&quot;&quot;,&quot;count&quot;:&quot;0&quot;,&quot;legendonly&quot;:&quot;&quot;,&quot;readonly&quot;:&quot;&quot;,&quot;score&quot;:&quot;0&quot;,&quot;starsonly&quot;:&quot;&quot;,&quot;best&quot;:&quot;5&quot;,&quot;gap&quot;:&quot;5&quot;,&quot;greet&quot;:&quot;Rate this post&quot;,&quot;legend&quot;:&quot;0\\\/5 - (0 votos)&quot;,&quot;size&quot;:&quot;24&quot;,&quot;title&quot;:&quot;La Inflaci\u00f3n dificulta la calidad de vida de los espa\u00f1oles&quot;,&quot;width&quot;:&quot;0&quot;,&quot;_legend&quot;:&quot;{score}\\\/{best} - ({count} {votes})&quot;,&quot;font_factor&quot;:&quot;1.25&quot;}'>\n            \n<div class=\"kksr-stars\">\n    \n<div class=\"kksr-stars-inactive\">\n            <div class=\"kksr-star\" data-star=\"1\" style=\"padding-right: 5px\">\n            \n\n<div class=\"kksr-icon\" style=\"width: 24px; height: 24px;\"><\/div>\n        <\/div>\n            <div class=\"kksr-star\" data-star=\"2\" style=\"padding-right: 5px\">\n            \n\n<div class=\"kksr-icon\" style=\"width: 24px; height: 24px;\"><\/div>\n        <\/div>\n            <div class=\"kksr-star\" data-star=\"3\" style=\"padding-right: 5px\">\n            \n\n<div class=\"kksr-icon\" style=\"width: 24px; height: 24px;\"><\/div>\n        <\/div>\n            <div class=\"kksr-star\" data-star=\"4\" style=\"padding-right: 5px\">\n            \n\n<div class=\"kksr-icon\" style=\"width: 24px; height: 24px;\"><\/div>\n        <\/div>\n            <div class=\"kksr-star\" data-star=\"5\" style=\"padding-right: 5px\">\n            \n\n<div class=\"kksr-icon\" style=\"width: 24px; height: 24px;\"><\/div>\n        <\/div>\n    <\/div>\n    \n<div class=\"kksr-stars-active\" style=\"width: 0px;\">\n            <div class=\"kksr-star\" style=\"padding-right: 5px\">\n            \n\n<div class=\"kksr-icon\" style=\"width: 24px; height: 24px;\"><\/div>\n        <\/div>\n            <div class=\"kksr-star\" style=\"padding-right: 5px\">\n            \n\n<div class=\"kksr-icon\" style=\"width: 24px; height: 24px;\"><\/div>\n        <\/div>\n            <div class=\"kksr-star\" style=\"padding-right: 5px\">\n            \n\n<div class=\"kksr-icon\" style=\"width: 24px; height: 24px;\"><\/div>\n        <\/div>\n            <div class=\"kksr-star\" style=\"padding-right: 5px\">\n            \n\n<div class=\"kksr-icon\" style=\"width: 24px; height: 24px;\"><\/div>\n        <\/div>\n            <div class=\"kksr-star\" style=\"padding-right: 5px\">\n            \n\n<div class=\"kksr-icon\" style=\"width: 24px; height: 24px;\"><\/div>\n        <\/div>\n    <\/div>\n<\/div>\n                \n\n<div class=\"kksr-legend\" style=\"font-size: 19.2px;\">\n            <span class=\"kksr-muted\">Rate this post<\/span>\n    <\/div>\n    <\/div>\n\n<p><strong>Seg\u00fan un estudio reciente, se ha descubierto que un n\u00famero considerable de espa\u00f1oles, espec\u00edficamente uno de cada cinco (equivalente al 25% de la poblaci\u00f3n), enfrenta diversas dificultades econ\u00f3micas. Estos datos son alarmantes y reflejan una realidad preocupante en nuestro pa\u00eds.\u00a0<\/strong><\/p>\n<p><a href=\"https:\/\/www.ipcblog.es\/wp-content\/uploads\/2023\/05\/pexels-pixabay-210600-3.jpg\"><img decoding=\"async\" loading=\"lazy\" class=\"aligncenter wp-image-7457\" src=\"https:\/\/financialred.com\/wp-content\/uploads\/2023\/05\/pexels-pixabay-210600-3-1024x1024-1.jpg\" alt=\"\" width=\"779\" height=\"779\" \/><\/a><\/p>\n<p><span style=\"font-weight: 400\">Adem\u00e1s, otro hallazgo relevante revela que<strong> uno de cada tres ciudadanos aproximadamente (el 36%) se encuentra en una situaci\u00f3n en la que solo puede sobrevivir con el m\u00ednimo necesario<\/strong>, lo cual muestra una preocupante precariedad econ\u00f3mica. Por otro lado, los resultados de este estudio tambi\u00e9n ponen de manifiesto que s\u00f3lo un porcentaje reducido de la poblaci\u00f3n espa\u00f1ola, concretamente un 8%, tiene el privilegio de afirmar que vive c\u00f3modo en t\u00e9rminos econ\u00f3micos.<\/span><\/p>\n<h1><span style=\"font-weight: 400\">La inflaci\u00f3n es un obst\u00e1culo para las finanzas de los usuarios<\/span><\/h1>\n<p><span style=\"font-weight: 400\">A pesar de los desaf\u00edos econ\u00f3micos que enfrenta Espa\u00f1a, <strong>la opini\u00f3n de los ciudadanos sobre el estado de la econom\u00eda es relativamente optimista<\/strong>. Seg\u00fan los resultados de una encuesta realizada en 29 pa\u00edses durante los primeros meses de este a\u00f1o, Espa\u00f1a se sit\u00faa en el tercer lugar entre los pa\u00edses europeos con m\u00e1s personas que declaran que no est\u00e1n experimentando una recesi\u00f3n econ\u00f3mica.\u00a0<\/span><\/p>\n<p><span style=\"font-weight: 400\">Este dato muestra un cierto grado de confianza en la situaci\u00f3n econ\u00f3mica del pa\u00eds. Espec\u00edficamente, el 33% de los encuestados espa\u00f1oles opina que el crecimiento econ\u00f3mico no se ha detenido, lo cual refleja una percepci\u00f3n positiva y una visi\u00f3n optimista sobre el desarrollo econ\u00f3mico en general.\u00a0<\/span><\/p>\n<p><span style=\"font-weight: 400\">Por otro lado,<strong> el 42% de los encuestados sostiene que s\u00ed se ha producido una recesi\u00f3n econ\u00f3mica, lo que indica que existe una parte significativa de la poblaci\u00f3n que percibe ciertos signos de desaceleraci\u00f3n o dificultades econ\u00f3micas<\/strong>.<\/span><\/p>\n<p><span style=\"font-weight: 400\">La sociedad espa\u00f1ola observa con precauci\u00f3n el aumento de los precios. Seg\u00fan los datos recopilados, <strong>un 59% de los encuestados considera que los bienes seguir\u00e1n encareci\u00e9ndose en los pr\u00f3ximos 12 meses<\/strong>. Esta percepci\u00f3n refleja una preocupaci\u00f3n generalizada sobre la posibilidad de un incremento continuo en el costo de los productos y servicios.<\/span><\/p>\n<p><span style=\"font-weight: 400\">Por otro lado, <strong>un 13% de los encuestados afirma que esto nunca ocurrir\u00e1, lo cual podr\u00eda indicar una visi\u00f3n m\u00e1s optimista o una falta de conciencia sobre la tendencia inflacionaria<\/strong>. Es importante tener en cuenta que la inflaci\u00f3n es un fen\u00f3meno econ\u00f3mico natural y que, a lo largo del tiempo, los precios de los bienes y servicios tienden a aumentar en cierta medida.<\/span><\/p>\n<p><span style=\"font-weight: 400\">Es interesante destacar que <strong>solo un 3% de los encuestados en Espa\u00f1a cree que la inflaci\u00f3n ha alcanzado su punto m\u00e1ximo<\/strong>. Estos individuos pueden estar basando su opini\u00f3n en una percepci\u00f3n de que los precios ya han advertido significativamente y que es improbable que sigan subiendo en el futuro cercano.<\/span><\/p>\n<p><span style=\"font-weight: 400\">Un peque\u00f1o porcentaje, espec\u00edficamente el 4%, de los encuestados en Espa\u00f1a opina que la inflaci\u00f3n se estabilizar\u00e1 y se reconducir\u00e1 en los pr\u00f3ximos tres meses. A medida que se ampl\u00eda el plazo de tiempo hasta un a\u00f1o, el porcentaje de personas que tienen la misma opini\u00f3n aumenta significativamente al 23%.<\/span><\/p>\n<p\/>Fuente: <a href=\"https:\/\/www.ipcblog.es\/la-inflacion-dificulta-la-calidad-de-vida-de-los-espanoles\/\" class=\"autohyperlink\">www.ipcblog.es\/la-inflacion-dificulta-la-calidad-de-vida-de-los-espanoles\/<\/a><\/p>\n","protected":false},"excerpt":{"rendered":"<p>Seg\u00fan un estudio reciente, se ha descubierto que un n\u00famero considerable de espa\u00f1oles, espec\u00edficamente uno de cada cinco (equivalente al 25% de la poblaci\u00f3n), enfrenta diversas dificultades econ\u00f3micas. Estos datos son alarmantes y reflejan una realidad preocupante en nuestro pa\u00eds.\u00a0 Adem\u00e1s, otro hallazgo relevante revela que uno de cada tres<\/p>\n","protected":false},"author":2,"featured_media":0,"comment_status":"closed","ping_status":"closed","sticky":false,"template":"","format":"standard","meta":{"footnotes":""},"categories":[2],"tags":[],"class_list":["post-3496","post","type-post","status-publish","format-standard","hentry","category-prensa-especializada"],"publishpress_future_action":{"enabled":false,"date":"2026-05-03 05:06:42","action":"change-status","newStatus":"draft","terms":[],"taxonomy":"category","extraData":[]},"publishpress_future_workflow_manual_trigger":{"enabledWorkflows":[]},"_links":{"self":[{"href":"https:\/\/hlrnet.net\/sites\/negocios\/wp-json\/wp\/v2\/posts\/3496","targetHints":{"allow":["GET"]}}],"collection":[{"href":"https:\/\/hlrnet.net\/sites\/negocios\/wp-json\/wp\/v2\/posts"}],"about":[{"href":"https:\/\/hlrnet.net\/sites\/negocios\/wp-json\/wp\/v2\/types\/post"}],"author":[{"embeddable":true,"href":"https:\/\/hlrnet.net\/sites\/negocios\/wp-json\/wp\/v2\/users\/2"}],"replies":[{"embeddable":true,"href":"https:\/\/hlrnet.net\/sites\/negocios\/wp-json\/wp\/v2\/comments?post=3496"}],"version-history":[{"count":0,"href":"https:\/\/hlrnet.net\/sites\/negocios\/wp-json\/wp\/v2\/posts\/3496\/revisions"}],"wp:attachment":[{"href":"https:\/\/hlrnet.net\/sites\/negocios\/wp-json\/wp\/v2\/media?parent=3496"}],"wp:term":[{"taxonomy":"category","embeddable":true,"href":"https:\/\/hlrnet.net\/sites\/negocios\/wp-json\/wp\/v2\/categories?post=3496"},{"taxonomy":"post_tag","embeddable":true,"href":"https:\/\/hlrnet.net\/sites\/negocios\/wp-json\/wp\/v2\/tags?post=3496"}],"curies":[{"name":"wp","href":"https:\/\/api.w.org\/{rel}","templated":true}]}}