{"id":3506,"date":"2023-05-24T22:19:00","date_gmt":"2023-05-24T22:19:00","guid":{"rendered":"https:\/\/financialred.com\/?p=56754"},"modified":"2023-05-24T22:19:00","modified_gmt":"2023-05-24T22:19:00","slug":"aumento-en-salarios-y-precios-de-alquileres","status":"publish","type":"post","link":"https:\/\/hlrnet.net\/sites\/negocios\/2023\/05\/24\/aumento-en-salarios-y-precios-de-alquileres\/","title":{"rendered":"Aumento en salarios y precios de alquileres"},"content":{"rendered":"\n\n<div class=\"kk-star-ratings kksr-auto kksr-align-left kksr-valign-top\"\n    data-payload='{&quot;align&quot;:&quot;left&quot;,&quot;id&quot;:&quot;3506&quot;,&quot;slug&quot;:&quot;default&quot;,&quot;valign&quot;:&quot;top&quot;,&quot;ignore&quot;:&quot;&quot;,&quot;reference&quot;:&quot;auto&quot;,&quot;class&quot;:&quot;&quot;,&quot;count&quot;:&quot;0&quot;,&quot;legendonly&quot;:&quot;&quot;,&quot;readonly&quot;:&quot;&quot;,&quot;score&quot;:&quot;0&quot;,&quot;starsonly&quot;:&quot;&quot;,&quot;best&quot;:&quot;5&quot;,&quot;gap&quot;:&quot;5&quot;,&quot;greet&quot;:&quot;Rate this post&quot;,&quot;legend&quot;:&quot;0\\\/5 - (0 votos)&quot;,&quot;size&quot;:&quot;24&quot;,&quot;title&quot;:&quot;Aumento en salarios y precios de alquileres&quot;,&quot;width&quot;:&quot;0&quot;,&quot;_legend&quot;:&quot;{score}\\\/{best} - ({count} {votes})&quot;,&quot;font_factor&quot;:&quot;1.25&quot;}'>\n            \n<div class=\"kksr-stars\">\n    \n<div class=\"kksr-stars-inactive\">\n            <div class=\"kksr-star\" data-star=\"1\" style=\"padding-right: 5px\">\n            \n\n<div class=\"kksr-icon\" style=\"width: 24px; height: 24px;\"><\/div>\n        <\/div>\n            <div class=\"kksr-star\" data-star=\"2\" style=\"padding-right: 5px\">\n            \n\n<div class=\"kksr-icon\" style=\"width: 24px; height: 24px;\"><\/div>\n        <\/div>\n            <div class=\"kksr-star\" data-star=\"3\" style=\"padding-right: 5px\">\n            \n\n<div class=\"kksr-icon\" style=\"width: 24px; height: 24px;\"><\/div>\n        <\/div>\n            <div class=\"kksr-star\" data-star=\"4\" style=\"padding-right: 5px\">\n            \n\n<div class=\"kksr-icon\" style=\"width: 24px; height: 24px;\"><\/div>\n        <\/div>\n            <div class=\"kksr-star\" data-star=\"5\" style=\"padding-right: 5px\">\n            \n\n<div class=\"kksr-icon\" style=\"width: 24px; height: 24px;\"><\/div>\n        <\/div>\n    <\/div>\n    \n<div class=\"kksr-stars-active\" style=\"width: 0px;\">\n            <div class=\"kksr-star\" style=\"padding-right: 5px\">\n            \n\n<div class=\"kksr-icon\" style=\"width: 24px; height: 24px;\"><\/div>\n        <\/div>\n            <div class=\"kksr-star\" style=\"padding-right: 5px\">\n            \n\n<div class=\"kksr-icon\" style=\"width: 24px; height: 24px;\"><\/div>\n        <\/div>\n            <div class=\"kksr-star\" style=\"padding-right: 5px\">\n            \n\n<div class=\"kksr-icon\" style=\"width: 24px; height: 24px;\"><\/div>\n        <\/div>\n            <div class=\"kksr-star\" style=\"padding-right: 5px\">\n            \n\n<div class=\"kksr-icon\" style=\"width: 24px; height: 24px;\"><\/div>\n        <\/div>\n            <div class=\"kksr-star\" style=\"padding-right: 5px\">\n            \n\n<div class=\"kksr-icon\" style=\"width: 24px; height: 24px;\"><\/div>\n        <\/div>\n    <\/div>\n<\/div>\n                \n\n<div class=\"kksr-legend\" style=\"font-size: 19.2px;\">\n            <span class=\"kksr-muted\">Rate this post<\/span>\n    <\/div>\n    <\/div>\n\n<p><strong>El costo del alquiler de viviendas ha alcanzado niveles m\u00e1ximos en muchas partes del pa\u00eds, mientras que los salarios de los ciudadanos est\u00e1n aumentando a diferentes velocidades. Desde 2012, los sueldos han experimentado un crecimiento del 3,4%, en contraste con un incremento del 51,4% en los precios de alquiler.\u00a0<\/strong><\/p>\n<figure class=\"wp-block-gallery has-nested-images columns-default is-cropped wp-block-gallery-3 is-layout-flex\">\n<figure class=\"wp-block-image size-large\"><img decoding=\"async\" loading=\"lazy\" width=\"768\" height=\"1024\" data-id=\"11156\" src=\"https:\/\/financialred.com\/wp-content\/uploads\/2023\/05\/pexels-natalie-naval-15727656-768x1024-1.jpg\" alt=\"\" class=\"wp-image-11156\" \/><\/figure>\n<\/figure>\n<p>Si nos enfocamos \u00fanicamente en el a\u00f1o 2022, los sueldos sufrieron una disminuci\u00f3n del -0,7%, mientras que los alquileres aumentaron un 7,4%. Adem\u00e1s, los datos oficiales indican que Canarias es la comunidad m\u00e1s afectada por esta disparidad.<\/p>\n<h1 class=\"wp-block-heading\">Evoluci\u00f3n del salario y de los precios de alquiler<\/h1>\n<p>Espec\u00edficamente, <strong>en Canarias, los trabajadores experimentaron una disminuci\u00f3n del 5,1% en su salario promedio anual, pasando de 23.082 euros en 2021 a 21.897 euros en 2022<\/strong>. Por otro lado, los precios de alquiler aumentaron un 16,9%, subiendo de 9,63 euros\/m2 al mes a 11,26 euros\/m2.<\/p>\n<p><strong>Destacamos especialmente Baleares, la comunidad aut\u00f3noma en la que los precios experimentaron un aumento m\u00e1s r\u00e1pido que en el resto del pa\u00eds, alcanzando un incremento del 18,2%<\/strong>. No obstante, los residentes de las islas ahora perciben un salario promedio de 21.760 euros, lo que representa una disminuci\u00f3n del 1,2%.<\/p>\n<p>Los expertos consideran que <strong>el aumento de los tipos de inter\u00e9s como resultado de un cambio en la pol\u00edtica monetaria es la principal raz\u00f3n<\/strong> detr\u00e1s del significativo aumento de los precios de la vivienda en el \u00faltimo a\u00f1o.\u00a0<\/p>\n<p>Normalmente, no es com\u00fan que los precios de la vivienda experimenten incrementos tan pronunciados en per\u00edodos de tiempo tan cortos. Sin embargo, a lo largo de los a\u00f1os, <strong>el costo de la vivienda ha mostrado una tendencia alcista desde la recuperaci\u00f3n econ\u00f3mica de 2014<\/strong>, en consonancia con el aumento de la demanda de compra y en l\u00ednea con el incremento generalizado del costo de vida.<\/p>\n<p>En cuanto a los salarios, seg\u00fan el informe,<strong> se destaca que las comunidades aut\u00f3nomas con el mayor crecimiento interanual fueron Castilla-La Mancha (4,2%), seguida de Cantabria (4%) y la Regi\u00f3n de Murcia (3,4%)<\/strong>. Por otro lado, se observaron disminuciones salariales en Madrid (-1,7%), Catalu\u00f1a (-1,1%), Comunidad Valenciana (-0,8%) y Pa\u00eds Vasco (-0,1%), entre otras regiones.<\/p>\n<p>En lo que respecta a los precios del alquiler, se registraron incrementos en todas las comunidades aut\u00f3nomas durante el \u00faltimo a\u00f1o. <strong>Se han alcanzado cifras de dos d\u00edgitos en Baleares (18,2%), Canarias (16,9%), Comunidad Valenciana (15,7%) y Cantabria (13,9%)<\/strong>. Por otro lado, el menor crecimiento se observ\u00f3 en Castilla-La Mancha (1%), Asturias (3,8%), Arag\u00f3n (4,4%) y Pa\u00eds Vasco (5,1%).<\/p>\n<h2 class=\"wp-block-heading\">La situaci\u00f3n en provincias<\/h2>\n<p>El an\u00e1lisis a nivel provincial revela que <strong>los salarios disminuyeron en 18 de las 50 provincias analizadas, mientras que los precios de alquiler aumentaron en casi todo el pa\u00eds (44 provincias)<\/strong>.\u00a0<\/p>\n<p><strong>Los trabajadores m\u00e1s afectados por la reducci\u00f3n salarial fueron los de Las Palmas<\/strong>, quienes <strong>experimentaron una disminuci\u00f3n del 5,9% en sus ingresos en 2022<\/strong>, percibiendo un salario anual de 21.726 euros. Adem\u00e1s, se observ\u00f3 un incremento del 16,6% en el precio de alquiler de viviendas en comparaci\u00f3n con el a\u00f1o anterior, llegando a los 11,61 euros\/m2.<\/p>\n<p>En contraste<strong>, la provincia que experiment\u00f3 el mayor aumento en el precio de la vivienda de alquiler durante el \u00faltimo a\u00f1o fue M\u00e1laga, con un incremento del 25,8%<\/strong>. Espec\u00edficamente, los residentes de M\u00e1laga pasaron de pagar 10,12 euros\/m2 al mes en 2021 a 12,73 euros\/m2. Sin embargo, los salarios promedio en la provincia apenas aumentaron un 0,8% en 2022, llegando a un promedio anual de 23.693 euros.<\/p>\n<p>La \u00fanica provincia que ha experimentado beneficios tanto en el aumento del salario medio provincial como en la reducci\u00f3n del precio de la vivienda en el \u00faltimo a\u00f1o es Toledo. Por otro lado, el informe indica que tanto en Palencia como en Le\u00f3n se observaron descensos tanto en los salarios como en los precios de alquiler anuales.<\/p>\n<p\/>Fuente: <a href=\"https:\/\/www.mejorestarjetasdecredito.es\/aumento-en-salarios-y-precios-de-alquileres\/\" class=\"autohyperlink\">www.mejorestarjetasdecredito.es\/aumento-en-salarios-y-precios-de-alquileres\/<\/a><\/p>\n","protected":false},"excerpt":{"rendered":"<p>El costo del alquiler de viviendas ha alcanzado niveles m\u00e1ximos en muchas partes del pa\u00eds, mientras que los salarios de los ciudadanos est\u00e1n aumentando a diferentes velocidades. Desde 2012, los sueldos han experimentado un crecimiento del 3,4%, en contraste con un incremento del 51,4% en los precios de alquiler.\u00a0 Si<\/p>\n","protected":false},"author":2,"featured_media":0,"comment_status":"closed","ping_status":"closed","sticky":false,"template":"","format":"standard","meta":{"footnotes":""},"categories":[2],"tags":[],"class_list":["post-3506","post","type-post","status-publish","format-standard","hentry","category-prensa-especializada"],"publishpress_future_action":{"enabled":false,"date":"2026-05-02 08:21:39","action":"change-status","newStatus":"draft","terms":[],"taxonomy":"category","extraData":[]},"publishpress_future_workflow_manual_trigger":{"enabledWorkflows":[]},"_links":{"self":[{"href":"https:\/\/hlrnet.net\/sites\/negocios\/wp-json\/wp\/v2\/posts\/3506","targetHints":{"allow":["GET"]}}],"collection":[{"href":"https:\/\/hlrnet.net\/sites\/negocios\/wp-json\/wp\/v2\/posts"}],"about":[{"href":"https:\/\/hlrnet.net\/sites\/negocios\/wp-json\/wp\/v2\/types\/post"}],"author":[{"embeddable":true,"href":"https:\/\/hlrnet.net\/sites\/negocios\/wp-json\/wp\/v2\/users\/2"}],"replies":[{"embeddable":true,"href":"https:\/\/hlrnet.net\/sites\/negocios\/wp-json\/wp\/v2\/comments?post=3506"}],"version-history":[{"count":0,"href":"https:\/\/hlrnet.net\/sites\/negocios\/wp-json\/wp\/v2\/posts\/3506\/revisions"}],"wp:attachment":[{"href":"https:\/\/hlrnet.net\/sites\/negocios\/wp-json\/wp\/v2\/media?parent=3506"}],"wp:term":[{"taxonomy":"category","embeddable":true,"href":"https:\/\/hlrnet.net\/sites\/negocios\/wp-json\/wp\/v2\/categories?post=3506"},{"taxonomy":"post_tag","embeddable":true,"href":"https:\/\/hlrnet.net\/sites\/negocios\/wp-json\/wp\/v2\/tags?post=3506"}],"curies":[{"name":"wp","href":"https:\/\/api.w.org\/{rel}","templated":true}]}}