{"id":3611,"date":"2023-08-05T17:30:31","date_gmt":"2023-08-05T17:30:31","guid":{"rendered":"https:\/\/www.expansion.com\/inmobiliario\/2023\/08\/05\/64ce871c468aeb0d228b4625.html"},"modified":"2023-08-05T17:30:31","modified_gmt":"2023-08-05T17:30:31","slug":"el-alquiler-toca-maximos-en-la-mitad-de-los-distritos-de-madrid-y-barcelona","status":"publish","type":"post","link":"https:\/\/hlrnet.net\/sites\/negocios\/2023\/08\/05\/el-alquiler-toca-maximos-en-la-mitad-de-los-distritos-de-madrid-y-barcelona\/","title":{"rendered":"El alquiler toca m\u00e1ximos en la mitad de los distritos de Madrid y Barcelona"},"content":{"rendered":"\n\n<div class=\"kk-star-ratings kksr-auto kksr-align-left kksr-valign-top\"\n    data-payload='{&quot;align&quot;:&quot;left&quot;,&quot;id&quot;:&quot;3611&quot;,&quot;slug&quot;:&quot;default&quot;,&quot;valign&quot;:&quot;top&quot;,&quot;ignore&quot;:&quot;&quot;,&quot;reference&quot;:&quot;auto&quot;,&quot;class&quot;:&quot;&quot;,&quot;count&quot;:&quot;0&quot;,&quot;legendonly&quot;:&quot;&quot;,&quot;readonly&quot;:&quot;&quot;,&quot;score&quot;:&quot;0&quot;,&quot;starsonly&quot;:&quot;&quot;,&quot;best&quot;:&quot;5&quot;,&quot;gap&quot;:&quot;5&quot;,&quot;greet&quot;:&quot;Rate this post&quot;,&quot;legend&quot;:&quot;0\\\/5 - (0 votos)&quot;,&quot;size&quot;:&quot;24&quot;,&quot;title&quot;:&quot;El alquiler toca m\u00e1ximos en la mitad de los distritos de Madrid y Barcelona&quot;,&quot;width&quot;:&quot;0&quot;,&quot;_legend&quot;:&quot;{score}\\\/{best} - ({count} {votes})&quot;,&quot;font_factor&quot;:&quot;1.25&quot;}'>\n            \n<div class=\"kksr-stars\">\n    \n<div class=\"kksr-stars-inactive\">\n            <div class=\"kksr-star\" data-star=\"1\" style=\"padding-right: 5px\">\n            \n\n<div class=\"kksr-icon\" style=\"width: 24px; height: 24px;\"><\/div>\n        <\/div>\n            <div class=\"kksr-star\" data-star=\"2\" style=\"padding-right: 5px\">\n            \n\n<div class=\"kksr-icon\" style=\"width: 24px; height: 24px;\"><\/div>\n        <\/div>\n            <div class=\"kksr-star\" data-star=\"3\" style=\"padding-right: 5px\">\n            \n\n<div class=\"kksr-icon\" style=\"width: 24px; height: 24px;\"><\/div>\n        <\/div>\n            <div class=\"kksr-star\" data-star=\"4\" style=\"padding-right: 5px\">\n            \n\n<div class=\"kksr-icon\" style=\"width: 24px; height: 24px;\"><\/div>\n        <\/div>\n            <div class=\"kksr-star\" data-star=\"5\" style=\"padding-right: 5px\">\n            \n\n<div class=\"kksr-icon\" style=\"width: 24px; height: 24px;\"><\/div>\n        <\/div>\n    <\/div>\n    \n<div class=\"kksr-stars-active\" style=\"width: 0px;\">\n            <div class=\"kksr-star\" style=\"padding-right: 5px\">\n            \n\n<div class=\"kksr-icon\" style=\"width: 24px; height: 24px;\"><\/div>\n        <\/div>\n            <div class=\"kksr-star\" style=\"padding-right: 5px\">\n            \n\n<div class=\"kksr-icon\" style=\"width: 24px; height: 24px;\"><\/div>\n        <\/div>\n            <div class=\"kksr-star\" style=\"padding-right: 5px\">\n            \n\n<div class=\"kksr-icon\" style=\"width: 24px; height: 24px;\"><\/div>\n        <\/div>\n            <div class=\"kksr-star\" style=\"padding-right: 5px\">\n            \n\n<div class=\"kksr-icon\" style=\"width: 24px; height: 24px;\"><\/div>\n        <\/div>\n            <div class=\"kksr-star\" style=\"padding-right: 5px\">\n            \n\n<div class=\"kksr-icon\" style=\"width: 24px; height: 24px;\"><\/div>\n        <\/div>\n    <\/div>\n<\/div>\n                \n\n<div class=\"kksr-legend\" style=\"font-size: 19.2px;\">\n            <span class=\"kksr-muted\">Rate this post<\/span>\n    <\/div>\n    <\/div>\n<p> Usera, Tetu\u00e1n y Chamber\u00ed lideran los incrementos de precios dentro de la capital, mientras que Nou Barris, Sarri\u00e0-Sant Gervasi o Sant Andreu hacen lo propio en la Ciudad Condal, con alzas de hasta el 20% anual.&nbsp;<a href=\"https:\/\/www.expansion.com\/inmobiliario\/2023\/08\/05\/64ce871c468aeb0d228b4625.html\">Leer<\/a><img decoding=\"async\" src=\"http:\/\/secure-uk.imrworldwide.com\/cgi-bin\/m?cid=es-widgetueditorial&amp;cg=rss-expansion&amp;ci=es-widgetueditorial&amp;si=https:\/\/www.expansion.com\/rss\/portada.xml\" alt=\"\"\/> <\/p>\n<p\/>Fuente: <a href=\"https:\/\/www.expansion.com\/inmobiliario\/2023\/08\/05\/64ce871c468aeb0d228b4625.html\" class=\"autohyperlink\">www.expansion.com\/inmobiliario\/2023\/08\/05\/64ce871c468aeb0d228b4625.html<\/a><\/p>\n","protected":false},"excerpt":{"rendered":"<p>Usera, Tetu\u00e1n y Chamber\u00ed lideran los incrementos de precios dentro de la capital, mientras que Nou Barris, Sarri\u00e0-Sant Gervasi o Sant Andreu hacen lo propio en la Ciudad Condal, con alzas de hasta el 20% anual.&nbsp;Leer Fuente: <a href=\"http:\/\/www.expansion.com\/inmobiliario\/2023\/08\/05\/64ce871c468aeb0d228b4625.html\" class=\"autohyperlink\">www.expansion.com\/inmobiliario\/2023\/08\/05\/64ce871c468aeb0d228b4625.html<\/a><\/p>\n","protected":false},"author":2,"featured_media":0,"comment_status":"closed","ping_status":"closed","sticky":false,"template":"","format":"standard","meta":{"footnotes":""},"categories":[2],"tags":[],"class_list":["post-3611","post","type-post","status-publish","format-standard","hentry","category-prensa-especializada"],"publishpress_future_action":{"enabled":false,"date":"2026-05-05 10:44:20","action":"change-status","newStatus":"draft","terms":[],"taxonomy":"category","extraData":[]},"publishpress_future_workflow_manual_trigger":{"enabledWorkflows":[]},"_links":{"self":[{"href":"https:\/\/hlrnet.net\/sites\/negocios\/wp-json\/wp\/v2\/posts\/3611","targetHints":{"allow":["GET"]}}],"collection":[{"href":"https:\/\/hlrnet.net\/sites\/negocios\/wp-json\/wp\/v2\/posts"}],"about":[{"href":"https:\/\/hlrnet.net\/sites\/negocios\/wp-json\/wp\/v2\/types\/post"}],"author":[{"embeddable":true,"href":"https:\/\/hlrnet.net\/sites\/negocios\/wp-json\/wp\/v2\/users\/2"}],"replies":[{"embeddable":true,"href":"https:\/\/hlrnet.net\/sites\/negocios\/wp-json\/wp\/v2\/comments?post=3611"}],"version-history":[{"count":0,"href":"https:\/\/hlrnet.net\/sites\/negocios\/wp-json\/wp\/v2\/posts\/3611\/revisions"}],"wp:attachment":[{"href":"https:\/\/hlrnet.net\/sites\/negocios\/wp-json\/wp\/v2\/media?parent=3611"}],"wp:term":[{"taxonomy":"category","embeddable":true,"href":"https:\/\/hlrnet.net\/sites\/negocios\/wp-json\/wp\/v2\/categories?post=3611"},{"taxonomy":"post_tag","embeddable":true,"href":"https:\/\/hlrnet.net\/sites\/negocios\/wp-json\/wp\/v2\/tags?post=3611"}],"curies":[{"name":"wp","href":"https:\/\/api.w.org\/{rel}","templated":true}]}}