{"id":3693,"date":"2023-08-06T16:17:00","date_gmt":"2023-08-06T16:17:00","guid":{"rendered":"https:\/\/financialred.com\/?p=57149"},"modified":"2023-08-06T16:17:00","modified_gmt":"2023-08-06T16:17:00","slug":"aumento-en-el-precio-del-alquiler-durante-septiembre","status":"publish","type":"post","link":"https:\/\/hlrnet.net\/sites\/negocios\/2023\/08\/06\/aumento-en-el-precio-del-alquiler-durante-septiembre\/","title":{"rendered":"Aumento en el precio del alquiler durante septiembre"},"content":{"rendered":"\n\n<div class=\"kk-star-ratings kksr-auto kksr-align-left kksr-valign-top\"\n    data-payload='{&quot;align&quot;:&quot;left&quot;,&quot;id&quot;:&quot;3693&quot;,&quot;slug&quot;:&quot;default&quot;,&quot;valign&quot;:&quot;top&quot;,&quot;ignore&quot;:&quot;&quot;,&quot;reference&quot;:&quot;auto&quot;,&quot;class&quot;:&quot;&quot;,&quot;count&quot;:&quot;0&quot;,&quot;legendonly&quot;:&quot;&quot;,&quot;readonly&quot;:&quot;&quot;,&quot;score&quot;:&quot;0&quot;,&quot;starsonly&quot;:&quot;&quot;,&quot;best&quot;:&quot;5&quot;,&quot;gap&quot;:&quot;5&quot;,&quot;greet&quot;:&quot;Rate this post&quot;,&quot;legend&quot;:&quot;0\\\/5 - (0 votos)&quot;,&quot;size&quot;:&quot;24&quot;,&quot;title&quot;:&quot;Aumento en el precio del alquiler durante septiembre&quot;,&quot;width&quot;:&quot;0&quot;,&quot;_legend&quot;:&quot;{score}\\\/{best} - ({count} {votes})&quot;,&quot;font_factor&quot;:&quot;1.25&quot;}'>\n            \n<div class=\"kksr-stars\">\n    \n<div class=\"kksr-stars-inactive\">\n            <div class=\"kksr-star\" data-star=\"1\" style=\"padding-right: 5px\">\n            \n\n<div class=\"kksr-icon\" style=\"width: 24px; height: 24px;\"><\/div>\n        <\/div>\n            <div class=\"kksr-star\" data-star=\"2\" style=\"padding-right: 5px\">\n            \n\n<div class=\"kksr-icon\" style=\"width: 24px; height: 24px;\"><\/div>\n        <\/div>\n            <div class=\"kksr-star\" data-star=\"3\" style=\"padding-right: 5px\">\n            \n\n<div class=\"kksr-icon\" style=\"width: 24px; height: 24px;\"><\/div>\n        <\/div>\n            <div class=\"kksr-star\" data-star=\"4\" style=\"padding-right: 5px\">\n            \n\n<div class=\"kksr-icon\" style=\"width: 24px; height: 24px;\"><\/div>\n        <\/div>\n            <div class=\"kksr-star\" data-star=\"5\" style=\"padding-right: 5px\">\n            \n\n<div class=\"kksr-icon\" style=\"width: 24px; height: 24px;\"><\/div>\n        <\/div>\n    <\/div>\n    \n<div class=\"kksr-stars-active\" style=\"width: 0px;\">\n            <div class=\"kksr-star\" style=\"padding-right: 5px\">\n            \n\n<div class=\"kksr-icon\" style=\"width: 24px; height: 24px;\"><\/div>\n        <\/div>\n            <div class=\"kksr-star\" style=\"padding-right: 5px\">\n            \n\n<div class=\"kksr-icon\" style=\"width: 24px; height: 24px;\"><\/div>\n        <\/div>\n            <div class=\"kksr-star\" style=\"padding-right: 5px\">\n            \n\n<div class=\"kksr-icon\" style=\"width: 24px; height: 24px;\"><\/div>\n        <\/div>\n            <div class=\"kksr-star\" style=\"padding-right: 5px\">\n            \n\n<div class=\"kksr-icon\" style=\"width: 24px; height: 24px;\"><\/div>\n        <\/div>\n            <div class=\"kksr-star\" style=\"padding-right: 5px\">\n            \n\n<div class=\"kksr-icon\" style=\"width: 24px; height: 24px;\"><\/div>\n        <\/div>\n    <\/div>\n<\/div>\n                \n\n<div class=\"kksr-legend\" style=\"font-size: 19.2px;\">\n            <span class=\"kksr-muted\">Rate this post<\/span>\n    <\/div>\n    <\/div>\n\n<p><strong>El mercado de alquileres en Espa\u00f1a ha experimentado cambios notables en los \u00faltimos a\u00f1os, marcados por fluctuaciones de precio que afectan tanto a inquilinos como a propietarios. Uno de los fen\u00f3menos m\u00e1s recientes es el aumento en el precio del alquiler durante el mes de septiembre. Este art\u00edculo analiza las causas y las implicaciones de este incremento, y c\u00f3mo este fen\u00f3meno afecta a diferentes segmentos de la sociedad.<\/strong><\/p>\n<figure class=\"wp-block-gallery columns-1 is-cropped\">\n<ul class=\"blocks-gallery-grid\">\n<li class=\"blocks-gallery-item\">\n<figure><a href=\"https:\/\/financialred.com\/wp-content\/uploads\/2023\/08\/real-estate-6688945_1280.jpg\"><img decoding=\"async\" loading=\"lazy\" width=\"1024\" height=\"682\" src=\"https:\/\/financialred.com\/wp-content\/uploads\/2023\/08\/real-estate-6688945_1280-1024x682-1.jpg\" alt=\"\" data-id=\"19839\" data-full-url=\"https:\/\/financialred.com\/wp-content\/uploads\/2023\/08\/real-estate-6688945_1280.jpg\" data-link=\"https:\/\/analisisbolsa.com\/?attachment_id=19839\" class=\"wp-image-19839\" \/><\/a><\/figure>\n<\/li>\n<\/ul>\n<\/figure>\n<h1>Factores contribuyentes<\/h1>\n<p><strong>Inicio del curso escolar<\/strong>. Septiembre es tradicionalmente el mes en el que comienza el nuevo curso escolar y acad\u00e9mico. Esto conlleva un aumento en la demanda de alquileres, especialmente en ciudades con un alto n\u00famero de instituciones educativas.<\/p>\n<p>T<strong>emporada tur\u00edstica<\/strong>. Aunque el verano es el pico de la temporada tur\u00edstica en muchas regiones, septiembre tambi\u00e9n atrae a un n\u00famero significativo de turistas que optan por alquileres vacacionales, lo que puede reducir la disponibilidad de alquileres a largo plazo.<\/p>\n<p><strong>Factores econ\u00f3micos<\/strong>. La recuperaci\u00f3n econ\u00f3mica tras per\u00edodos de recesi\u00f3n o la estabilidad econ\u00f3mica pueden llevar a un aumento generalizado de los precios, incluido el alquiler de viviendas.<\/p>\n<p><strong>Especulaci\u00f3n inmobiliaria<\/strong>. En algunas \u00e1reas, el aumento en la demanda de alquileres durante septiembre puede llevar a una especulaci\u00f3n por parte de los propietarios, elevando los precios para obtener mayores beneficios.<\/p>\n<p>El aumento de los precios del alquiler en septiembre<strong> puede tener un fuerte impacto econ\u00f3mico en los inquilinos, especialmente en estudiantes y personas con ingresos limitados<\/strong>. Por otro lado, los propietarios pueden encontrar septiembre como un mes favorable para maximizar sus ingresos, aunque esto puede llevar a una rotaci\u00f3n m\u00e1s alta de inquilinos.<\/p>\n<p>El alza en los precios del alquiler durante septiembre puede ser un indicativo de la salud del mercado inmobiliario, pero tambi\u00e9n puede llevar a burbujas si los precios se inflan artificialmente.<\/p>\n<h1>Posibles soluciones y recomendaciones<\/h1>\n<p>R<strong>egulaci\u00f3n del Mercado<\/strong>. Implementar o fortalecer pol\u00edticas de control de precios para evitar aumentos excesivos.<\/p>\n<p><strong>Transparencia<\/strong>. Fomentar la transparencia en los precios del alquiler para que los inquilinos puedan tomar decisiones m\u00e1s informadas.<\/p>\n<p><strong>Incentivos para alquiler a largo plazo<\/strong>. Ofrecer incentivos fiscales o subsidios a los propietarios que ofrezcan contratos de alquiler m\u00e1s estables y a largo plazo.<\/p>\n<p>The post <a href=\"https:\/\/analisisbolsa.com\/aumento-en-el-precio-del-alquiler-durante-septiembre\/\">Aumento en el precio del alquiler durante septiembre<\/a> first appeared on <a href=\"https:\/\/analisisbolsa.com\">Bolsa en An\u00e1lisis Bolsa<\/a>.<\/p>\n<p\/>Fuente: <a href=\"https:\/\/analisisbolsa.com\/aumento-en-el-precio-del-alquiler-durante-septiembre\/\" class=\"autohyperlink\">analisisbolsa.com\/aumento-en-el-precio-del-alquiler-durante-septiembre\/<\/a><\/p>\n","protected":false},"excerpt":{"rendered":"<p>El mercado de alquileres en Espa\u00f1a ha experimentado cambios notables en los \u00faltimos a\u00f1os, marcados por fluctuaciones de precio que afectan tanto a inquilinos como a propietarios. Uno de los fen\u00f3menos m\u00e1s recientes es el aumento en el precio del alquiler durante el mes de septiembre. Este art\u00edculo analiza las<\/p>\n","protected":false},"author":2,"featured_media":0,"comment_status":"closed","ping_status":"closed","sticky":false,"template":"","format":"standard","meta":{"footnotes":""},"categories":[2],"tags":[],"class_list":["post-3693","post","type-post","status-publish","format-standard","hentry","category-prensa-especializada"],"publishpress_future_action":{"enabled":false,"date":"2026-05-05 10:40:22","action":"change-status","newStatus":"draft","terms":[],"taxonomy":"category","extraData":[]},"publishpress_future_workflow_manual_trigger":{"enabledWorkflows":[]},"_links":{"self":[{"href":"https:\/\/hlrnet.net\/sites\/negocios\/wp-json\/wp\/v2\/posts\/3693","targetHints":{"allow":["GET"]}}],"collection":[{"href":"https:\/\/hlrnet.net\/sites\/negocios\/wp-json\/wp\/v2\/posts"}],"about":[{"href":"https:\/\/hlrnet.net\/sites\/negocios\/wp-json\/wp\/v2\/types\/post"}],"author":[{"embeddable":true,"href":"https:\/\/hlrnet.net\/sites\/negocios\/wp-json\/wp\/v2\/users\/2"}],"replies":[{"embeddable":true,"href":"https:\/\/hlrnet.net\/sites\/negocios\/wp-json\/wp\/v2\/comments?post=3693"}],"version-history":[{"count":0,"href":"https:\/\/hlrnet.net\/sites\/negocios\/wp-json\/wp\/v2\/posts\/3693\/revisions"}],"wp:attachment":[{"href":"https:\/\/hlrnet.net\/sites\/negocios\/wp-json\/wp\/v2\/media?parent=3693"}],"wp:term":[{"taxonomy":"category","embeddable":true,"href":"https:\/\/hlrnet.net\/sites\/negocios\/wp-json\/wp\/v2\/categories?post=3693"},{"taxonomy":"post_tag","embeddable":true,"href":"https:\/\/hlrnet.net\/sites\/negocios\/wp-json\/wp\/v2\/tags?post=3693"}],"curies":[{"name":"wp","href":"https:\/\/api.w.org\/{rel}","templated":true}]}}