{"id":4269,"date":"2024-07-15T23:26:25","date_gmt":"2024-07-15T23:26:25","guid":{"rendered":"https:\/\/www.expansion.com\/empresas\/motor\/2024\/07\/16\/6695684a468aeb147e8b4597.html"},"modified":"2024-07-15T23:26:25","modified_gmt":"2024-07-15T23:26:25","slug":"renault-espana-puja-por-producir-400-000-coches-electricos-al-ano","status":"publish","type":"post","link":"https:\/\/hlrnet.net\/sites\/negocios\/2024\/07\/15\/renault-espana-puja-por-producir-400-000-coches-electricos-al-ano\/","title":{"rendered":"Renault Espa\u00f1a puja por producir 400.000 coches el\u00e9ctricos al a\u00f1o"},"content":{"rendered":"\n\n<div class=\"kk-star-ratings kksr-auto kksr-align-left kksr-valign-top\"\n    data-payload='{&quot;align&quot;:&quot;left&quot;,&quot;id&quot;:&quot;4269&quot;,&quot;slug&quot;:&quot;default&quot;,&quot;valign&quot;:&quot;top&quot;,&quot;ignore&quot;:&quot;&quot;,&quot;reference&quot;:&quot;auto&quot;,&quot;class&quot;:&quot;&quot;,&quot;count&quot;:&quot;0&quot;,&quot;legendonly&quot;:&quot;&quot;,&quot;readonly&quot;:&quot;&quot;,&quot;score&quot;:&quot;0&quot;,&quot;starsonly&quot;:&quot;&quot;,&quot;best&quot;:&quot;5&quot;,&quot;gap&quot;:&quot;5&quot;,&quot;greet&quot;:&quot;Rate this post&quot;,&quot;legend&quot;:&quot;0\\\/5 - (0 votos)&quot;,&quot;size&quot;:&quot;24&quot;,&quot;title&quot;:&quot;Renault Espa\u00f1a puja por producir 400.000 coches el\u00e9ctricos al a\u00f1o&quot;,&quot;width&quot;:&quot;0&quot;,&quot;_legend&quot;:&quot;{score}\\\/{best} - ({count} {votes})&quot;,&quot;font_factor&quot;:&quot;1.25&quot;}'>\n            \n<div class=\"kksr-stars\">\n    \n<div class=\"kksr-stars-inactive\">\n            <div class=\"kksr-star\" data-star=\"1\" style=\"padding-right: 5px\">\n            \n\n<div class=\"kksr-icon\" style=\"width: 24px; height: 24px;\"><\/div>\n        <\/div>\n            <div class=\"kksr-star\" data-star=\"2\" style=\"padding-right: 5px\">\n            \n\n<div class=\"kksr-icon\" style=\"width: 24px; height: 24px;\"><\/div>\n        <\/div>\n            <div class=\"kksr-star\" data-star=\"3\" style=\"padding-right: 5px\">\n            \n\n<div class=\"kksr-icon\" style=\"width: 24px; height: 24px;\"><\/div>\n        <\/div>\n            <div class=\"kksr-star\" data-star=\"4\" style=\"padding-right: 5px\">\n            \n\n<div class=\"kksr-icon\" style=\"width: 24px; height: 24px;\"><\/div>\n        <\/div>\n            <div class=\"kksr-star\" data-star=\"5\" style=\"padding-right: 5px\">\n            \n\n<div class=\"kksr-icon\" style=\"width: 24px; height: 24px;\"><\/div>\n        <\/div>\n    <\/div>\n    \n<div class=\"kksr-stars-active\" style=\"width: 0px;\">\n            <div class=\"kksr-star\" style=\"padding-right: 5px\">\n            \n\n<div class=\"kksr-icon\" style=\"width: 24px; height: 24px;\"><\/div>\n        <\/div>\n            <div class=\"kksr-star\" style=\"padding-right: 5px\">\n            \n\n<div class=\"kksr-icon\" style=\"width: 24px; height: 24px;\"><\/div>\n        <\/div>\n            <div class=\"kksr-star\" style=\"padding-right: 5px\">\n            \n\n<div class=\"kksr-icon\" style=\"width: 24px; height: 24px;\"><\/div>\n        <\/div>\n            <div class=\"kksr-star\" style=\"padding-right: 5px\">\n            \n\n<div class=\"kksr-icon\" style=\"width: 24px; height: 24px;\"><\/div>\n        <\/div>\n            <div class=\"kksr-star\" style=\"padding-right: 5px\">\n            \n\n<div class=\"kksr-icon\" style=\"width: 24px; height: 24px;\"><\/div>\n        <\/div>\n    <\/div>\n<\/div>\n                \n\n<div class=\"kksr-legend\" style=\"font-size: 19.2px;\">\n            <span class=\"kksr-muted\">Rate this post<\/span>\n    <\/div>\n    <\/div>\n<p> El grupo franc\u00e9s quiere fabricar un mill\u00f3n de coches el\u00e9ctricos al a\u00f1o en 2030 y en Francia solo tiene capacidad para 600.000 unidades. La planta de Valladolid se presentar\u00e1 al Perte VEC.&nbsp;<a href=\"https:\/\/www.expansion.com\/empresas\/motor\/2024\/07\/16\/6695684a468aeb147e8b4597.html\">Leer<\/a><img decoding=\"async\" src=\"http:\/\/secure-uk.imrworldwide.com\/cgi-bin\/m?cid=es-widgetueditorial&amp;cg=rss-expansion&amp;ci=es-widgetueditorial&amp;si=https:\/\/www.expansion.com\/rss\/portada.xml\" alt=\"\"\/> <\/p>\n<p\/>Fuente: <a href=\"https:\/\/www.expansion.com\/empresas\/motor\/2024\/07\/16\/6695684a468aeb147e8b4597.html\" class=\"autohyperlink\">www.expansion.com\/empresas\/motor\/2024\/07\/16\/6695684a468aeb147e8b4597.html<\/a><\/p>\n","protected":false},"excerpt":{"rendered":"<p>El grupo franc\u00e9s quiere fabricar un mill\u00f3n de coches el\u00e9ctricos al a\u00f1o en 2030 y en Francia solo tiene capacidad para 600.000 unidades. La planta de Valladolid se presentar\u00e1 al Perte VEC.&nbsp;Leer Fuente: <a href=\"http:\/\/www.expansion.com\/empresas\/motor\/2024\/07\/16\/6695684a468aeb147e8b4597.html\" class=\"autohyperlink\">www.expansion.com\/empresas\/motor\/2024\/07\/16\/6695684a468aeb147e8b4597.html<\/a><\/p>\n","protected":false},"author":2,"featured_media":0,"comment_status":"closed","ping_status":"closed","sticky":false,"template":"","format":"standard","meta":{"footnotes":""},"categories":[2],"tags":[],"class_list":["post-4269","post","type-post","status-publish","format-standard","hentry","category-prensa-especializada"],"publishpress_future_action":{"enabled":false,"date":"2026-05-02 04:06:58","action":"change-status","newStatus":"draft","terms":[],"taxonomy":"category","extraData":[]},"publishpress_future_workflow_manual_trigger":{"enabledWorkflows":[]},"_links":{"self":[{"href":"https:\/\/hlrnet.net\/sites\/negocios\/wp-json\/wp\/v2\/posts\/4269","targetHints":{"allow":["GET"]}}],"collection":[{"href":"https:\/\/hlrnet.net\/sites\/negocios\/wp-json\/wp\/v2\/posts"}],"about":[{"href":"https:\/\/hlrnet.net\/sites\/negocios\/wp-json\/wp\/v2\/types\/post"}],"author":[{"embeddable":true,"href":"https:\/\/hlrnet.net\/sites\/negocios\/wp-json\/wp\/v2\/users\/2"}],"replies":[{"embeddable":true,"href":"https:\/\/hlrnet.net\/sites\/negocios\/wp-json\/wp\/v2\/comments?post=4269"}],"version-history":[{"count":0,"href":"https:\/\/hlrnet.net\/sites\/negocios\/wp-json\/wp\/v2\/posts\/4269\/revisions"}],"wp:attachment":[{"href":"https:\/\/hlrnet.net\/sites\/negocios\/wp-json\/wp\/v2\/media?parent=4269"}],"wp:term":[{"taxonomy":"category","embeddable":true,"href":"https:\/\/hlrnet.net\/sites\/negocios\/wp-json\/wp\/v2\/categories?post=4269"},{"taxonomy":"post_tag","embeddable":true,"href":"https:\/\/hlrnet.net\/sites\/negocios\/wp-json\/wp\/v2\/tags?post=4269"}],"curies":[{"name":"wp","href":"https:\/\/api.w.org\/{rel}","templated":true}]}}