{"id":4600,"date":"2024-12-23T08:41:05","date_gmt":"2024-12-23T08:41:05","guid":{"rendered":"https:\/\/financialred.com\/?p=60169"},"modified":"2024-12-23T08:41:05","modified_gmt":"2024-12-23T08:41:05","slug":"que-esta-pasando-con-la-nueva-licitacion-de-muface","status":"publish","type":"post","link":"https:\/\/hlrnet.net\/sites\/negocios\/2024\/12\/23\/que-esta-pasando-con-la-nueva-licitacion-de-muface\/","title":{"rendered":"\u00bfQu\u00e9 est\u00e1 pasando con la nueva licitaci\u00f3n de Muface?"},"content":{"rendered":"\n\n<div class=\"kk-star-ratings kksr-auto kksr-align-left kksr-valign-top\"\n    data-payload='{&quot;align&quot;:&quot;left&quot;,&quot;id&quot;:&quot;4600&quot;,&quot;slug&quot;:&quot;default&quot;,&quot;valign&quot;:&quot;top&quot;,&quot;ignore&quot;:&quot;&quot;,&quot;reference&quot;:&quot;auto&quot;,&quot;class&quot;:&quot;&quot;,&quot;count&quot;:&quot;0&quot;,&quot;legendonly&quot;:&quot;&quot;,&quot;readonly&quot;:&quot;&quot;,&quot;score&quot;:&quot;0&quot;,&quot;starsonly&quot;:&quot;&quot;,&quot;best&quot;:&quot;5&quot;,&quot;gap&quot;:&quot;5&quot;,&quot;greet&quot;:&quot;Rate this post&quot;,&quot;legend&quot;:&quot;0\\\/5 - (0 votos)&quot;,&quot;size&quot;:&quot;24&quot;,&quot;title&quot;:&quot;\u00bfQu\u00e9 est\u00e1 pasando con la nueva licitaci\u00f3n de Muface?&quot;,&quot;width&quot;:&quot;0&quot;,&quot;_legend&quot;:&quot;{score}\\\/{best} - ({count} {votes})&quot;,&quot;font_factor&quot;:&quot;1.25&quot;}'>\n            \n<div class=\"kksr-stars\">\n    \n<div class=\"kksr-stars-inactive\">\n            <div class=\"kksr-star\" data-star=\"1\" style=\"padding-right: 5px\">\n            \n\n<div class=\"kksr-icon\" style=\"width: 24px; height: 24px;\"><\/div>\n        <\/div>\n            <div class=\"kksr-star\" data-star=\"2\" style=\"padding-right: 5px\">\n            \n\n<div class=\"kksr-icon\" style=\"width: 24px; height: 24px;\"><\/div>\n        <\/div>\n            <div class=\"kksr-star\" data-star=\"3\" style=\"padding-right: 5px\">\n            \n\n<div class=\"kksr-icon\" style=\"width: 24px; height: 24px;\"><\/div>\n        <\/div>\n            <div class=\"kksr-star\" data-star=\"4\" style=\"padding-right: 5px\">\n            \n\n<div class=\"kksr-icon\" style=\"width: 24px; height: 24px;\"><\/div>\n        <\/div>\n            <div class=\"kksr-star\" data-star=\"5\" style=\"padding-right: 5px\">\n            \n\n<div class=\"kksr-icon\" style=\"width: 24px; height: 24px;\"><\/div>\n        <\/div>\n    <\/div>\n    \n<div class=\"kksr-stars-active\" style=\"width: 0px;\">\n            <div class=\"kksr-star\" style=\"padding-right: 5px\">\n            \n\n<div class=\"kksr-icon\" style=\"width: 24px; height: 24px;\"><\/div>\n        <\/div>\n            <div class=\"kksr-star\" style=\"padding-right: 5px\">\n            \n\n<div class=\"kksr-icon\" style=\"width: 24px; height: 24px;\"><\/div>\n        <\/div>\n            <div class=\"kksr-star\" style=\"padding-right: 5px\">\n            \n\n<div class=\"kksr-icon\" style=\"width: 24px; height: 24px;\"><\/div>\n        <\/div>\n            <div class=\"kksr-star\" style=\"padding-right: 5px\">\n            \n\n<div class=\"kksr-icon\" style=\"width: 24px; height: 24px;\"><\/div>\n        <\/div>\n            <div class=\"kksr-star\" style=\"padding-right: 5px\">\n            \n\n<div class=\"kksr-icon\" style=\"width: 24px; height: 24px;\"><\/div>\n        <\/div>\n    <\/div>\n<\/div>\n                \n\n<div class=\"kksr-legend\" style=\"font-size: 19.2px;\">\n            <span class=\"kksr-muted\">Rate this post<\/span>\n    <\/div>\n    <\/div>\n\n<p>Si todo va seg\u00fan lo previsto, la nueva licitaci\u00f3n de Muface arrancar\u00e1 en abril. Esto lo sabemos porque hoy se ha publicado la oferta en la Plataforma de Contrataci\u00f3n del Estado. Aunque, ojo, el Gobierno aplicar\u00e1 una pr\u00f3rroga de tres meses, as\u00ed que de momento, calma.<\/p>\n<h2 class=\"wp-block-heading\">Un vistazo r\u00e1pido a las cifras<\/h2>\n<p>Ya han salido los n\u00fameros oficiales. El contrato cubrir\u00e1 hasta el 31 de diciembre de 2027 y tendr\u00e1 un presupuesto total de <strong>4.205 millones de euros<\/strong>. De esa cantidad, <strong>4.134 millones<\/strong> ser\u00e1n para los funcionarios en Espa\u00f1a, y <strong>71,6 millones<\/strong> para los mutualistas en el extranjero. Eso s\u00ed, esta cifra es un poco m\u00e1s baja de lo que se dijo hace unos d\u00edas (4.478 millones), porque los meses de enero a marzo no est\u00e1n incluidos en el servicio.<\/p>\n<p>Ah, y hay algo importante: si por alg\u00fan motivo el concierto no se formaliza antes del 1 de abril, arrancar\u00e1 justo al d\u00eda siguiente. Esta medida no ha gustado nada a Unipromel, la asociaci\u00f3n de m\u00e9dicos aut\u00f3nomos, que ya ha dicho que el contrato no es suficiente. Dicen que, aunque las primas suban un 33,5%, eso no significa que las aseguradoras vayan a mejorar las condiciones de los m\u00e9dicos. Y bueno, ellos ya avisaron que podr\u00edan recurrir este nuevo contrato.<\/p>\n<h2 class=\"wp-block-heading\">\u00bfQu\u00e9 dicen las aseguradoras?<\/h2>\n<p>Aqu\u00ed viene lo interesante. Las tres grandes aseguradoras (Adeslas, Asisa y DKV) est\u00e1n en modo \u00abesperar y ver\u00bb.<\/p>\n<ul class=\"wp-block-list\">\n<li><strong>Adeslas<\/strong>, que tiene la mayor parte de asegurados (un 33%), no est\u00e1 muy contenta. Les ha sorprendido que el Gobierno haya vuelto a los contratos de tres a\u00f1os en lugar de dos, como se hab\u00eda propuesto antes. Seg\u00fan ellos, eso solo complica las cosas porque \u00ablos riesgos de p\u00e9rdidas aumentan, y ya tuvimos una experiencia bastante negativa con el concierto actual\u00bb.<\/li>\n<li><strong>Asisa<\/strong> est\u00e1 siendo m\u00e1s diplom\u00e1tica. Aunque siempre ha mostrado inter\u00e9s en que el modelo mutualista siga adelante, tambi\u00e9n ha dejado claro que cualquier acuerdo debe garantizar la sostenibilidad del sistema a medio y largo plazo. Nada de comprometerse a ciegas.<\/li>\n<li><strong>DKV<\/strong>, que suele ser la m\u00e1s cr\u00edtica, ha optado por guardar silencio hasta analizar los detalles de los nuevos pliegos. Parece que no quieren pillarse los dedos antes de tiempo.<\/li>\n<\/ul>\n<h2 class=\"wp-block-heading\">\u00bfY ahora qu\u00e9?<\/h2>\n<p>El reloj est\u00e1 corriendo. Las aseguradoras tienen hasta el <strong>15 de enero a las 10 de la ma\u00f1ana<\/strong> para presentar sus propuestas. Este plazo se ha fijado as\u00ed porque hubo un retraso en la publicaci\u00f3n de la licitaci\u00f3n, que inicialmente deb\u00eda salir el viernes pasado.<\/p>\n<p>Mientras tanto, la fecha de finalizaci\u00f3n est\u00e1 clar\u00edsima: <strong>31 de diciembre<\/strong>. Aunque, como en otras ocasiones, se podr\u00e1 extender hasta finales de enero o incluso marzo en casos concretos, como embarazos que lleguen a t\u00e9rmino en esas fechas.<\/p>\n<p>La pelota est\u00e1 ahora en el tejado de las aseguradoras. \u00bfAceptar\u00e1n las condiciones? \u00bfSe quedar\u00e1 alg\u00fan funcionario sin cobertura temporal? Por ahora, todo son inc\u00f3gnitas, pero lo que est\u00e1 claro es que el modelo actual est\u00e1 lejos de convencer a todas las partes.<\/p>\n<p>The post <a href=\"https:\/\/www.mejoresbancos.es\/que-esta-pasando-con-la-nueva-licitacion-de-muface\">\u00bfQu\u00e9 est\u00e1 pasando con la nueva licitaci\u00f3n de Muface?<\/a> first appeared on <a href=\"https:\/\/www.mejoresbancos.es\">Mejores Bancos<\/a>.<\/p>\n<p\/>Fuente: <a href=\"https:\/\/www.mejoresbancos.es\/que-esta-pasando-con-la-nueva-licitacion-de-muface\" class=\"autohyperlink\">www.mejoresbancos.es\/que-esta-pasando-con-la-nueva-licitacion-de-muface<\/a><\/p>\n","protected":false},"excerpt":{"rendered":"<p>Si todo va seg\u00fan lo previsto, la nueva licitaci\u00f3n de Muface arrancar\u00e1 en abril. Esto lo sabemos porque hoy se ha publicado la oferta en la Plataforma de Contrataci\u00f3n del Estado. Aunque, ojo, el Gobierno aplicar\u00e1 una pr\u00f3rroga de tres meses, as\u00ed que de momento, calma. Un vistazo r\u00e1pido a<\/p>\n","protected":false},"author":2,"featured_media":0,"comment_status":"closed","ping_status":"closed","sticky":false,"template":"","format":"standard","meta":{"footnotes":""},"categories":[2],"tags":[],"class_list":["post-4600","post","type-post","status-publish","format-standard","hentry","category-prensa-especializada"],"publishpress_future_action":{"enabled":false,"date":"2026-05-04 14:03:08","action":"change-status","newStatus":"draft","terms":[],"taxonomy":"category","extraData":[]},"publishpress_future_workflow_manual_trigger":{"enabledWorkflows":[]},"_links":{"self":[{"href":"https:\/\/hlrnet.net\/sites\/negocios\/wp-json\/wp\/v2\/posts\/4600","targetHints":{"allow":["GET"]}}],"collection":[{"href":"https:\/\/hlrnet.net\/sites\/negocios\/wp-json\/wp\/v2\/posts"}],"about":[{"href":"https:\/\/hlrnet.net\/sites\/negocios\/wp-json\/wp\/v2\/types\/post"}],"author":[{"embeddable":true,"href":"https:\/\/hlrnet.net\/sites\/negocios\/wp-json\/wp\/v2\/users\/2"}],"replies":[{"embeddable":true,"href":"https:\/\/hlrnet.net\/sites\/negocios\/wp-json\/wp\/v2\/comments?post=4600"}],"version-history":[{"count":0,"href":"https:\/\/hlrnet.net\/sites\/negocios\/wp-json\/wp\/v2\/posts\/4600\/revisions"}],"wp:attachment":[{"href":"https:\/\/hlrnet.net\/sites\/negocios\/wp-json\/wp\/v2\/media?parent=4600"}],"wp:term":[{"taxonomy":"category","embeddable":true,"href":"https:\/\/hlrnet.net\/sites\/negocios\/wp-json\/wp\/v2\/categories?post=4600"},{"taxonomy":"post_tag","embeddable":true,"href":"https:\/\/hlrnet.net\/sites\/negocios\/wp-json\/wp\/v2\/tags?post=4600"}],"curies":[{"name":"wp","href":"https:\/\/api.w.org\/{rel}","templated":true}]}}