{"id":4984,"date":"2025-07-05T08:48:48","date_gmt":"2025-07-05T08:48:48","guid":{"rendered":"https:\/\/financialred.com\/?p=62327"},"modified":"2025-07-05T08:48:48","modified_gmt":"2025-07-05T08:48:48","slug":"los-planes-de-pensiones-de-empleo-ganan-terreno-1-de-cada-3-nuevas-altas-ya-son-colectivas","status":"publish","type":"post","link":"https:\/\/hlrnet.net\/sites\/negocios\/2025\/07\/05\/los-planes-de-pensiones-de-empleo-ganan-terreno-1-de-cada-3-nuevas-altas-ya-son-colectivas\/","title":{"rendered":"\u00a0Los planes de pensiones de empleo ganan terreno: 1 de cada 3 nuevas altas ya son colectivas"},"content":{"rendered":"\n\n<div class=\"kk-star-ratings kksr-auto kksr-align-left kksr-valign-top\"\n    data-payload='{&quot;align&quot;:&quot;left&quot;,&quot;id&quot;:&quot;4984&quot;,&quot;slug&quot;:&quot;default&quot;,&quot;valign&quot;:&quot;top&quot;,&quot;ignore&quot;:&quot;&quot;,&quot;reference&quot;:&quot;auto&quot;,&quot;class&quot;:&quot;&quot;,&quot;count&quot;:&quot;0&quot;,&quot;legendonly&quot;:&quot;&quot;,&quot;readonly&quot;:&quot;&quot;,&quot;score&quot;:&quot;0&quot;,&quot;starsonly&quot;:&quot;&quot;,&quot;best&quot;:&quot;5&quot;,&quot;gap&quot;:&quot;5&quot;,&quot;greet&quot;:&quot;Rate this post&quot;,&quot;legend&quot;:&quot;0\\\/5 - (0 votos)&quot;,&quot;size&quot;:&quot;24&quot;,&quot;title&quot;:&quot;\u00a0Los planes de pensiones de empleo ganan terreno: 1 de cada 3 nuevas altas ya son colectivas&quot;,&quot;width&quot;:&quot;0&quot;,&quot;_legend&quot;:&quot;{score}\\\/{best} - ({count} {votes})&quot;,&quot;font_factor&quot;:&quot;1.25&quot;}'>\n            \n<div class=\"kksr-stars\">\n    \n<div class=\"kksr-stars-inactive\">\n            <div class=\"kksr-star\" data-star=\"1\" style=\"padding-right: 5px\">\n            \n\n<div class=\"kksr-icon\" style=\"width: 24px; height: 24px;\"><\/div>\n        <\/div>\n            <div class=\"kksr-star\" data-star=\"2\" style=\"padding-right: 5px\">\n            \n\n<div class=\"kksr-icon\" style=\"width: 24px; height: 24px;\"><\/div>\n        <\/div>\n            <div class=\"kksr-star\" data-star=\"3\" style=\"padding-right: 5px\">\n            \n\n<div class=\"kksr-icon\" style=\"width: 24px; height: 24px;\"><\/div>\n        <\/div>\n            <div class=\"kksr-star\" data-star=\"4\" style=\"padding-right: 5px\">\n            \n\n<div class=\"kksr-icon\" style=\"width: 24px; height: 24px;\"><\/div>\n        <\/div>\n            <div class=\"kksr-star\" data-star=\"5\" style=\"padding-right: 5px\">\n            \n\n<div class=\"kksr-icon\" style=\"width: 24px; height: 24px;\"><\/div>\n        <\/div>\n    <\/div>\n    \n<div class=\"kksr-stars-active\" style=\"width: 0px;\">\n            <div class=\"kksr-star\" style=\"padding-right: 5px\">\n            \n\n<div class=\"kksr-icon\" style=\"width: 24px; height: 24px;\"><\/div>\n        <\/div>\n            <div class=\"kksr-star\" style=\"padding-right: 5px\">\n            \n\n<div class=\"kksr-icon\" style=\"width: 24px; height: 24px;\"><\/div>\n        <\/div>\n            <div class=\"kksr-star\" style=\"padding-right: 5px\">\n            \n\n<div class=\"kksr-icon\" style=\"width: 24px; height: 24px;\"><\/div>\n        <\/div>\n            <div class=\"kksr-star\" style=\"padding-right: 5px\">\n            \n\n<div class=\"kksr-icon\" style=\"width: 24px; height: 24px;\"><\/div>\n        <\/div>\n            <div class=\"kksr-star\" style=\"padding-right: 5px\">\n            \n\n<div class=\"kksr-icon\" style=\"width: 24px; height: 24px;\"><\/div>\n        <\/div>\n    <\/div>\n<\/div>\n                \n\n<div class=\"kksr-legend\" style=\"font-size: 19.2px;\">\n            <span class=\"kksr-muted\">Rate this post<\/span>\n    <\/div>\n    <\/div>\n\n<p>Empieza a sonar diferente ese concepto tan de banco. Los planes de pensiones de empleo est\u00e1n dejando de ser la excepci\u00f3n y se convierten en tendencia. Ya <strong>uno de cada tres part\u00edcipes nuevos opta por un plan colectivo<\/strong>, promovido por la empresa o el convenio, y esto, aunque parezca t\u00e9cnico, puede cambiar c\u00f3mo preparas tu jubilaci\u00f3n sin darte cuenta.<\/p>\n<figure class=\"wp-block-image size-large\"><img decoding=\"async\" loading=\"lazy\" width=\"1024\" height=\"768\" src=\"https:\/\/financialred.com\/wp-content\/uploads\/2025\/07\/planes-de-pensiones-empleo-aumentan-popularidad-2025-1024x768-1.jpg\" alt=\"\" class=\"wp-image-12344\" \/><\/figure>\n<h2 class=\"wp-block-heading\">Planes colectivos al alza: \u00bfpor qu\u00e9 importan ahora?<\/h2>\n<p>El dato no es menor. Hasta hace poco estos planes se asociaban con grandes empresas y sector p\u00fablico pero ahora peque\u00f1as y medianas los est\u00e1n utilizando. El motivo es sencillo. Tras la reforma de 2022 la administraci\u00f3n abri\u00f3 la puerta a pymes, aut\u00f3nomos y trabajadores temporales. Adem\u00e1s surgieron los planes de empleo <strong>simplificados<\/strong>, con menos papeleo y comisiones m\u00e1s bajas. Eso ha hecho que muchos convenios incorporen estos planes y por eso hay un crecimiento real y sostenido.<\/p>\n<p>\u00bfY por qu\u00e9 esto es \u00fatil para ti? Porque si trabajas por cuenta ajena y tu empresa propone uno de estos planes, tienes ayuda directa para ahorrar de cara a tu jubilaci\u00f3n sin tener que elegir t\u00fa un plan independiente. Y si eres aut\u00f3nomo o pyme, estas v\u00edas ya est\u00e1n disponibles para ti tambi\u00e9n, sin tener que depender de grandes bancos o gestores.<\/p>\n<h2 class=\"wp-block-heading\">Ventajas, potencial y retos en el horizonte del ahorro colectivo<\/h2>\n<p>La clave de verdad est\u00e1 en las ventajas. Un plan de empleo ofrece <strong>comisiones m\u00e1s bajas<\/strong>, gestiona mayor volumen y por tanto consigue mejores condiciones. Adem\u00e1s tiene incentivos fiscales que no est\u00e1n disponibles para los planes individuales. Se suman beneficios para el trabajador y para la empresa ya que esta puede desgravar hasta cierto l\u00edmite sus aportaciones.<\/p>\n<p>Pero ojo, no es todo perfecto. Los planes colectivos a\u00fan tienen recorrido, en especial los de promoci\u00f3n p\u00fablica que se plantearon como macrofondo pero por ahora no han terminado de arrancar y varias de las gestoras dimitieron por falta de concreci\u00f3n. Tambi\u00e9n, la participaci\u00f3n de aut\u00f3nomos sigue siendo limitada: solo unos 53\u202f000 de los m\u00e1s de 3\u202fmillones registrados usan estos planes simplificados. Hay potencial, pero hace falta m\u00e1s difusi\u00f3n y educaci\u00f3n financiera. Y el marco regulador, aunque mejor que antes, sigue dando tropiezos en algunos sectores.<\/p>\n<p>Mientras tanto, tener acceso a un plan de empleo puede significar para ti ahorrar de forma autom\u00e1tica cada mes, con menor coste, y con una estructura pensada para que no tengas que preocuparte tanto de elegir fondo o cambiar productos. Eso ya es un gran paso si no te manejas c\u00f3modo con todo este mundo.<\/p>\n<p>The post <a href=\"https:\/\/www.planesypensiones.com\/los-planes-de-pensiones-de-empleo-ganan-terreno-1-de-cada-3-nuevas-altas-ya-son-colectivas.html\">\u00a0Los planes de pensiones de empleo ganan terreno: 1 de cada 3 nuevas altas ya son colectivas<\/a> first appeared on <a href=\"https:\/\/www.planesypensiones.com\">Planes de Pensiones<\/a>.<\/p>\n<p\/>Fuente: <a href=\"https:\/\/www.planesypensiones.com\/los-planes-de-pensiones-de-empleo-ganan-terreno-1-de-cada-3-nuevas-altas-ya-son-colectivas.html\" class=\"autohyperlink\">www.planesypensiones.com\/los-planes-de-pensiones-de-empleo-ganan-terreno-1-de-cada-3-nuevas-altas-ya-son-colectivas.html<\/a><\/p>\n","protected":false},"excerpt":{"rendered":"<p>Empieza a sonar diferente ese concepto tan de banco. Los planes de pensiones de empleo est\u00e1n dejando de ser la excepci\u00f3n y se convierten en tendencia. Ya uno de cada tres part\u00edcipes nuevos opta por un plan colectivo, promovido por la empresa o el convenio, y esto, aunque parezca t\u00e9cnico,<\/p>\n","protected":false},"author":2,"featured_media":0,"comment_status":"closed","ping_status":"closed","sticky":false,"template":"","format":"standard","meta":{"footnotes":""},"categories":[2],"tags":[],"class_list":["post-4984","post","type-post","status-publish","format-standard","hentry","category-prensa-especializada"],"publishpress_future_action":{"enabled":false,"date":"2026-05-02 06:01:35","action":"change-status","newStatus":"draft","terms":[],"taxonomy":"category","extraData":[]},"publishpress_future_workflow_manual_trigger":{"enabledWorkflows":[]},"_links":{"self":[{"href":"https:\/\/hlrnet.net\/sites\/negocios\/wp-json\/wp\/v2\/posts\/4984","targetHints":{"allow":["GET"]}}],"collection":[{"href":"https:\/\/hlrnet.net\/sites\/negocios\/wp-json\/wp\/v2\/posts"}],"about":[{"href":"https:\/\/hlrnet.net\/sites\/negocios\/wp-json\/wp\/v2\/types\/post"}],"author":[{"embeddable":true,"href":"https:\/\/hlrnet.net\/sites\/negocios\/wp-json\/wp\/v2\/users\/2"}],"replies":[{"embeddable":true,"href":"https:\/\/hlrnet.net\/sites\/negocios\/wp-json\/wp\/v2\/comments?post=4984"}],"version-history":[{"count":0,"href":"https:\/\/hlrnet.net\/sites\/negocios\/wp-json\/wp\/v2\/posts\/4984\/revisions"}],"wp:attachment":[{"href":"https:\/\/hlrnet.net\/sites\/negocios\/wp-json\/wp\/v2\/media?parent=4984"}],"wp:term":[{"taxonomy":"category","embeddable":true,"href":"https:\/\/hlrnet.net\/sites\/negocios\/wp-json\/wp\/v2\/categories?post=4984"},{"taxonomy":"post_tag","embeddable":true,"href":"https:\/\/hlrnet.net\/sites\/negocios\/wp-json\/wp\/v2\/tags?post=4984"}],"curies":[{"name":"wp","href":"https:\/\/api.w.org\/{rel}","templated":true}]}}