{"id":5106,"date":"2025-08-17T17:35:49","date_gmt":"2025-08-17T17:35:49","guid":{"rendered":"https:\/\/intereconomia.com\/?p=1015765"},"modified":"2025-08-17T17:35:49","modified_gmt":"2025-08-17T17:35:49","slug":"sanchez-excluido-de-la-cumbre-de-europa-con-trump-sobre-el-futuro-de-ucrania","status":"publish","type":"post","link":"https:\/\/hlrnet.net\/sites\/negocios\/2025\/08\/17\/sanchez-excluido-de-la-cumbre-de-europa-con-trump-sobre-el-futuro-de-ucrania\/","title":{"rendered":"S\u00e1nchez, excluido de la cumbre de Europa con Trump sobre el futuro de Ucrania"},"content":{"rendered":"\n\n<div class=\"kk-star-ratings kksr-auto kksr-align-left kksr-valign-top\"\n    data-payload='{&quot;align&quot;:&quot;left&quot;,&quot;id&quot;:&quot;5106&quot;,&quot;slug&quot;:&quot;default&quot;,&quot;valign&quot;:&quot;top&quot;,&quot;ignore&quot;:&quot;&quot;,&quot;reference&quot;:&quot;auto&quot;,&quot;class&quot;:&quot;&quot;,&quot;count&quot;:&quot;0&quot;,&quot;legendonly&quot;:&quot;&quot;,&quot;readonly&quot;:&quot;&quot;,&quot;score&quot;:&quot;0&quot;,&quot;starsonly&quot;:&quot;&quot;,&quot;best&quot;:&quot;5&quot;,&quot;gap&quot;:&quot;5&quot;,&quot;greet&quot;:&quot;Rate this post&quot;,&quot;legend&quot;:&quot;0\\\/5 - (0 votos)&quot;,&quot;size&quot;:&quot;24&quot;,&quot;title&quot;:&quot;S\u00e1nchez, excluido de la cumbre de Europa con Trump sobre el futuro de Ucrania&quot;,&quot;width&quot;:&quot;0&quot;,&quot;_legend&quot;:&quot;{score}\\\/{best} - ({count} {votes})&quot;,&quot;font_factor&quot;:&quot;1.25&quot;}'>\n            \n<div class=\"kksr-stars\">\n    \n<div class=\"kksr-stars-inactive\">\n            <div class=\"kksr-star\" data-star=\"1\" style=\"padding-right: 5px\">\n            \n\n<div class=\"kksr-icon\" style=\"width: 24px; height: 24px;\"><\/div>\n        <\/div>\n            <div class=\"kksr-star\" data-star=\"2\" style=\"padding-right: 5px\">\n            \n\n<div class=\"kksr-icon\" style=\"width: 24px; height: 24px;\"><\/div>\n        <\/div>\n            <div class=\"kksr-star\" data-star=\"3\" style=\"padding-right: 5px\">\n            \n\n<div class=\"kksr-icon\" style=\"width: 24px; height: 24px;\"><\/div>\n        <\/div>\n            <div class=\"kksr-star\" data-star=\"4\" style=\"padding-right: 5px\">\n            \n\n<div class=\"kksr-icon\" style=\"width: 24px; height: 24px;\"><\/div>\n        <\/div>\n            <div class=\"kksr-star\" data-star=\"5\" style=\"padding-right: 5px\">\n            \n\n<div class=\"kksr-icon\" style=\"width: 24px; height: 24px;\"><\/div>\n        <\/div>\n    <\/div>\n    \n<div class=\"kksr-stars-active\" style=\"width: 0px;\">\n            <div class=\"kksr-star\" style=\"padding-right: 5px\">\n            \n\n<div class=\"kksr-icon\" style=\"width: 24px; height: 24px;\"><\/div>\n        <\/div>\n            <div class=\"kksr-star\" style=\"padding-right: 5px\">\n            \n\n<div class=\"kksr-icon\" style=\"width: 24px; height: 24px;\"><\/div>\n        <\/div>\n            <div class=\"kksr-star\" style=\"padding-right: 5px\">\n            \n\n<div class=\"kksr-icon\" style=\"width: 24px; height: 24px;\"><\/div>\n        <\/div>\n            <div class=\"kksr-star\" style=\"padding-right: 5px\">\n            \n\n<div class=\"kksr-icon\" style=\"width: 24px; height: 24px;\"><\/div>\n        <\/div>\n            <div class=\"kksr-star\" style=\"padding-right: 5px\">\n            \n\n<div class=\"kksr-icon\" style=\"width: 24px; height: 24px;\"><\/div>\n        <\/div>\n    <\/div>\n<\/div>\n                \n\n<div class=\"kksr-legend\" style=\"font-size: 19.2px;\">\n            <span class=\"kksr-muted\">Rate this post<\/span>\n    <\/div>\n    <\/div>\n\n<p>Espa\u00f1a, de la mano del Gobierno PSOE-Sumar liderado por Pedro S\u00e1nchez, es cada vez mas irrelevante en la escena internacional, donde las maniobras del l\u00edder socialista espa\u00f1ol le han condenado al calificativo de \u00absocio no fiable\u00bb. Fruto de ello, ya no es que <a href=\"https:\/\/intereconomia.com\/tag\/carlos-cuerpo\/\">Carlos Cuerpo<\/a>, no consiguiese pr\u00e1cticamente ning\u00fan apoyo para presidir el Eurogrupo, sino que S\u00e1nchez ha quedado relegado a cumbres menores, donde se habla mucho, pero se decide poco. A Washington para hablar del futuro de Ucrania con Donald Trump no va, no porque no quiere, sino porque, simplemente, est\u00e1 excluido, porque lo que puede aportar se considera irrelevante, tanto para el presidente de los Estados Unidos como para los socios de la Uni\u00f3n Europea.<\/p>\n<p>Si van junto al presidente ucraniano, Volod\u00edmir Zelensk, la presidenta de la Comisi\u00f3n Europea, Ursula von der Leyenel; el canciller alem\u00e1n, Friedrich Merz; el presidente franc\u00e9s, Emmanuel Macron; el primer ministro brit\u00e1nico, Keir Starmer; la primera ministra italiana, Giorgia Meloni; el presidente finland\u00e9s, Alexander Stubb, as\u00ed como el secretario general de la OTAN, Mark Rutte. Todos ellos junto a Trump decidir\u00e1n no solo ya el futuro de Ucrania, sino el de toda Europa.<\/p>\n<p>La presidenta de la Comisi\u00f3n Europea, Ursula von der Leyen, reiter\u00f3 este domingo junto al presidente ucraniano, Volod\u00edmir Zelenski, que \u00ablas fronteras internacionales no pueden modificarse por la fuerza\u00bb y sin la participaci\u00f3n de Ucrania.<\/p>\n<h2 class=\"wp-block-heading\">No vale el uso de la fuerza para modificar las fronteras de Ucrania<\/h2>\n<p>\u00abLas fronteras internacionales no pueden modificarse por la fuerza. Estas son decisiones que debe tomar Ucrania y solo Ucrania, y estas decisiones no pueden tomarse sin la participaci\u00f3n de Ucrania en las negociaciones\u00bb, dijo Von der Leyen durante una rueda de prensa tras recibir a Zelenski en Bruselas.<\/p>\n<p>\u00abLa constituci\u00f3n de Ucrania hace imposible ceder territorio o intercambiar tierras. Dada la importancia de la cuesti\u00f3n territorial, solo los l\u00edderes de Ucrania y Rusia deber\u00edan debatirla en la reuni\u00f3n trilateral entre Ucrania, Estados Unidos y Rusia\u00bb, a\u00f1adi\u00f3 el presidente ucraniano.<\/p>\n<p>El presidente franc\u00e9s, Emmanuel Macron, en declaraciones a la prensa desde la residencia oficial de vacaciones del fuerte de Br\u00e9gan\u00e7on (sur de Francia), tras la reuni\u00f3n por videoconferencia que mantuvieron este domingo los pa\u00edses de la llamada Coalici\u00f3n de Voluntarios o de los Dispuestos, adem\u00e1s del propio Zelenski, que la sigui\u00f3 desde Bruselas.<\/p>\n<p>\u00abYo no pienso que el presidente (Vlad\u00edmir) Putin quiera la paz, pienso que quiere la capitulaci\u00f3n de Ucrania, eso es lo que ha propuesto\u00bb, manifest\u00f3 Macron, adem\u00e1s de recalcar que solo las autoridades ucranianas pueden hablar de los territorios ucranianos.<\/p>\n<h2 class=\"wp-block-heading\">Trump si busca la paz en Ucrania, Putin, no, se\u00f1ala Macron<\/h2>\n<p>Macron argument\u00f3 que su hom\u00f3logo estadounidense, Donald Trump, s\u00ed busca la paz, al igual que lo hacen los europeos, siempre que esta sea justa con Ucrania y duradera.<\/p>\n<p>\u00abTodos lo que estar\u00e1n ma\u00f1ana en Washington est\u00e1n del lado de la paz -recalc\u00f3-, pero de una paz robusta\u00bb.<\/p>\n<p>En ese sentido, afirm\u00f3 que no puede haber \u00abdivisi\u00f3n entre los ucranianos, los europeos y los estadounidenses\u00bb, porque la visi\u00f3n rusa de la paz no respeta el derecho internacional, y record\u00f3 que los EE.UU. son garantes de esas normas como miembro permanente del Consejo de Seguridad de la ONU.<\/p>\n<p>De lo contrario, dijo, se abrir\u00eda una nueva era basada en \u00abla ley del m\u00e1s fuerte\u00bb.<\/p>\n<p>\u00abSolo hay un agresor, Rusia. Y a d\u00eda de hoy solo hay un Estado que propone una paz que ser\u00eda una capitulaci\u00f3n, que es Rusia\u00bb, asever\u00f3.<\/p>\n<p>Obligar a Ucrania a ceder territorios, algo sobre lo que solo las autoridades ucranianas tienen potestad para negociar y decidir, o forzarla a eliminar su Ej\u00e9rcito o a mantenerlo disminuido son l\u00edneas rojas que, para Macron, encarnar\u00edan esa capitulaci\u00f3n, adem\u00e1s de pavimentar el camino para que los acuerdos no queden respetados por Rusia en el futuro.<\/p>\n<h2 class=\"wp-block-heading\">\u00abFuerza de reaseguro\u00bb<\/h2>\n<p>El formato de paz que defender\u00e1n tanto Ucrania como los l\u00edderes europeos ma\u00f1ana en Washington, tras la reuni\u00f3n que Trump y Putin mantuvieron el viernes pasado en Alaska, incluir\u00e1 tambi\u00e9n el establecimiento de una \u00abfuerza de reaseguro\u00bb, con tropas sobre el terreno que no est\u00e9n en la l\u00ednea del frente.<\/p>\n<p>De eso se encargar\u00edan los aliados de Ucrania organizados en la denominada Coalici\u00f3n de Voluntarios, integrada sobre todo por pa\u00edses europeos, pero tambi\u00e9n por otros, como Jap\u00f3n o Australia, que hoy participaron en la videoconferencia conjunta.<\/p>\n<p>En Washington, por tanto, buscar\u00e1n mostrar al Gobierno estadounidense \u00abhasta qu\u00e9 punto\u00bb est\u00e1n dispuestos a sumarse para que haya garant\u00edas de seguridad para Ucrania.<\/p>\n<p>El presidente franc\u00e9s hizo hincapi\u00e9 igualmente en que los pa\u00edses europeos no van a Washington simplemente en apoyo a Zelenski, sino porque lo que est\u00e1 en juego, de fondo, es la seguridad de Europa.<\/p>\n<p>\u00abSi somos d\u00e9biles con Rusia estamos preparando los conflictos de ma\u00f1ana\u00bb, razon\u00f3, y record\u00f3 que Mosc\u00fa no ha respetado sus compromisos de no agresi\u00f3n en el pasado y que el r\u00e9gimen de Putin es \u00abimperialista y revisionista\u00bb.&nbsp;<\/p>\n<p>The post <a href=\"https:\/\/intereconomia.com\/noticia\/finanzas\/sanchez-excluido-de-la-cumbre-de-europa-con-trump-sobre-el-futuro-de-ucrania-20250817-1935\/\">S\u00e1nchez, excluido de la cumbre de Europa con Trump sobre el futuro de Ucrania<\/a> appeared first on <a href=\"https:\/\/intereconomia.com\">Radio Intereconom\u00eda<\/a>.<\/p>\n<p\/>Fuente: <a href=\"https:\/\/intereconomia.com\/noticia\/finanzas\/sanchez-excluido-de-la-cumbre-de-europa-con-trump-sobre-el-futuro-de-ucrania-20250817-1935\/\" class=\"autohyperlink\">intereconomia.com\/noticia\/finanzas\/sanchez-excluido-de-la-cumbre-de-europa-con-trump-sobre-el-futuro-de-ucrania-20250817-1935\/<\/a><\/p>\n","protected":false},"excerpt":{"rendered":"<p>Espa\u00f1a, de la mano del Gobierno PSOE-Sumar liderado por Pedro S\u00e1nchez, es cada vez mas irrelevante en la escena internacional, donde las maniobras del l\u00edder socialista espa\u00f1ol le han condenado al calificativo de \u00absocio no fiable\u00bb. Fruto de ello, ya no es que Carlos Cuerpo, no consiguiese pr\u00e1cticamente ning\u00fan apoyo<\/p>\n","protected":false},"author":2,"featured_media":0,"comment_status":"closed","ping_status":"closed","sticky":false,"template":"","format":"standard","meta":{"footnotes":""},"categories":[2],"tags":[],"class_list":["post-5106","post","type-post","status-publish","format-standard","hentry","category-prensa-especializada"],"publishpress_future_action":{"enabled":false,"date":"2026-05-02 07:40:57","action":"change-status","newStatus":"draft","terms":[],"taxonomy":"category","extraData":[]},"publishpress_future_workflow_manual_trigger":{"enabledWorkflows":[]},"_links":{"self":[{"href":"https:\/\/hlrnet.net\/sites\/negocios\/wp-json\/wp\/v2\/posts\/5106","targetHints":{"allow":["GET"]}}],"collection":[{"href":"https:\/\/hlrnet.net\/sites\/negocios\/wp-json\/wp\/v2\/posts"}],"about":[{"href":"https:\/\/hlrnet.net\/sites\/negocios\/wp-json\/wp\/v2\/types\/post"}],"author":[{"embeddable":true,"href":"https:\/\/hlrnet.net\/sites\/negocios\/wp-json\/wp\/v2\/users\/2"}],"replies":[{"embeddable":true,"href":"https:\/\/hlrnet.net\/sites\/negocios\/wp-json\/wp\/v2\/comments?post=5106"}],"version-history":[{"count":0,"href":"https:\/\/hlrnet.net\/sites\/negocios\/wp-json\/wp\/v2\/posts\/5106\/revisions"}],"wp:attachment":[{"href":"https:\/\/hlrnet.net\/sites\/negocios\/wp-json\/wp\/v2\/media?parent=5106"}],"wp:term":[{"taxonomy":"category","embeddable":true,"href":"https:\/\/hlrnet.net\/sites\/negocios\/wp-json\/wp\/v2\/categories?post=5106"},{"taxonomy":"post_tag","embeddable":true,"href":"https:\/\/hlrnet.net\/sites\/negocios\/wp-json\/wp\/v2\/tags?post=5106"}],"curies":[{"name":"wp","href":"https:\/\/api.w.org\/{rel}","templated":true}]}}