{"id":5185,"date":"2025-09-12T15:55:58","date_gmt":"2025-09-12T15:55:58","guid":{"rendered":"https:\/\/intereconomia.com\/?p=1019222"},"modified":"2025-09-12T15:55:58","modified_gmt":"2025-09-12T15:55:58","slug":"frena-inditex-frena-el-ibex-35","status":"publish","type":"post","link":"https:\/\/hlrnet.net\/sites\/negocios\/2025\/09\/12\/frena-inditex-frena-el-ibex-35\/","title":{"rendered":"Frena Inditex, frena el IBEX 35"},"content":{"rendered":"\n\n<div class=\"kk-star-ratings kksr-auto kksr-align-left kksr-valign-top\"\n    data-payload='{&quot;align&quot;:&quot;left&quot;,&quot;id&quot;:&quot;5185&quot;,&quot;slug&quot;:&quot;default&quot;,&quot;valign&quot;:&quot;top&quot;,&quot;ignore&quot;:&quot;&quot;,&quot;reference&quot;:&quot;auto&quot;,&quot;class&quot;:&quot;&quot;,&quot;count&quot;:&quot;0&quot;,&quot;legendonly&quot;:&quot;&quot;,&quot;readonly&quot;:&quot;&quot;,&quot;score&quot;:&quot;0&quot;,&quot;starsonly&quot;:&quot;&quot;,&quot;best&quot;:&quot;5&quot;,&quot;gap&quot;:&quot;5&quot;,&quot;greet&quot;:&quot;Rate this post&quot;,&quot;legend&quot;:&quot;0\\\/5 - (0 votos)&quot;,&quot;size&quot;:&quot;24&quot;,&quot;title&quot;:&quot;Frena Inditex, frena el IBEX 35&quot;,&quot;width&quot;:&quot;0&quot;,&quot;_legend&quot;:&quot;{score}\\\/{best} - ({count} {votes})&quot;,&quot;font_factor&quot;:&quot;1.25&quot;}'>\n            \n<div class=\"kksr-stars\">\n    \n<div class=\"kksr-stars-inactive\">\n            <div class=\"kksr-star\" data-star=\"1\" style=\"padding-right: 5px\">\n            \n\n<div class=\"kksr-icon\" style=\"width: 24px; height: 24px;\"><\/div>\n        <\/div>\n            <div class=\"kksr-star\" data-star=\"2\" style=\"padding-right: 5px\">\n            \n\n<div class=\"kksr-icon\" style=\"width: 24px; height: 24px;\"><\/div>\n        <\/div>\n            <div class=\"kksr-star\" data-star=\"3\" style=\"padding-right: 5px\">\n            \n\n<div class=\"kksr-icon\" style=\"width: 24px; height: 24px;\"><\/div>\n        <\/div>\n            <div class=\"kksr-star\" data-star=\"4\" style=\"padding-right: 5px\">\n            \n\n<div class=\"kksr-icon\" style=\"width: 24px; height: 24px;\"><\/div>\n        <\/div>\n            <div class=\"kksr-star\" data-star=\"5\" style=\"padding-right: 5px\">\n            \n\n<div class=\"kksr-icon\" style=\"width: 24px; height: 24px;\"><\/div>\n        <\/div>\n    <\/div>\n    \n<div class=\"kksr-stars-active\" style=\"width: 0px;\">\n            <div class=\"kksr-star\" style=\"padding-right: 5px\">\n            \n\n<div class=\"kksr-icon\" style=\"width: 24px; height: 24px;\"><\/div>\n        <\/div>\n            <div class=\"kksr-star\" style=\"padding-right: 5px\">\n            \n\n<div class=\"kksr-icon\" style=\"width: 24px; height: 24px;\"><\/div>\n        <\/div>\n            <div class=\"kksr-star\" style=\"padding-right: 5px\">\n            \n\n<div class=\"kksr-icon\" style=\"width: 24px; height: 24px;\"><\/div>\n        <\/div>\n            <div class=\"kksr-star\" style=\"padding-right: 5px\">\n            \n\n<div class=\"kksr-icon\" style=\"width: 24px; height: 24px;\"><\/div>\n        <\/div>\n            <div class=\"kksr-star\" style=\"padding-right: 5px\">\n            \n\n<div class=\"kksr-icon\" style=\"width: 24px; height: 24px;\"><\/div>\n        <\/div>\n    <\/div>\n<\/div>\n                \n\n<div class=\"kksr-legend\" style=\"font-size: 19.2px;\">\n            <span class=\"kksr-muted\">Rate this post<\/span>\n    <\/div>\n    <\/div>\n\n<p>La recuperaci\u00f3n del IBEX 35 durante las jornadas del pasado mi\u00e9rcoles y jueves tuvo un protagonista principal en la figura de <a href=\"https:\/\/intereconomia.com\/tag\/inditex\/\">Inditex<\/a>, el mayor valor por capitalizaci\u00f3n del \u00edndice, con subidas del 6,52% y del 2,68%. Hoy Inditex frena su escalada, cae el 1%, y el IBEX 35 cierra plano.<\/p>\n<p>El principal \u00edndice del mercado, el IBEX 35, ha bajado 13,1 puntos, ese 0,09 %, y ha cerrado en 15.308 enteros. En la semana ha avanzado el 3,08 % y en lo que va de a\u00f1o se revaloriza el 32,02 %. En el resto de Europa, con el euro en 1,1720 d\u00f3lares y una depreciaci\u00f3n del 0,11 % frente al d\u00f3lar, las principales plazas han cerrado con tendencia mixta y Londres ha perdido el 0,15 % y Fr\u00e1ncfort, el 0,02 %. Mil\u00e1n ha avanzado el 0,32 % y el \u00edndice Euro Stoxx 50, donde cotizan las compa\u00f1\u00edas de mayor capitalizaci\u00f3n del Viejo Continente, el 0,07 %.<\/p>\n<p>Los inversores europeos han estado pendientes de la publicaci\u00f3n de los datos de inflaci\u00f3n de varias econom\u00edas, que han resultado mixtos.<\/p>\n<p>En el caso de Francia, el IPC baj\u00f3 una d\u00e9cima porcentual en agosto, hasta el 0,9 %; mientras que, la inflaci\u00f3n alemana repunt\u00f3 dos d\u00e9cimas en ese mes (2,2 %) y la espa\u00f1ola se mantuvo (2,7 %).<\/p>\n<h2 class=\"wp-block-heading\">Wall Street, dispar tras los r\u00e9cords<\/h2>\n<p>La bolsa neoyorquina abr\u00eda con tendencia dispar y al cierre de las bolsas en Europa, sus tres principales \u00edndices manten\u00edan este tono y el Dow Jones bajaba el 0,4 %, mientras que el Nasdaq avanzaba el 0,41 % y el S&amp;P 500, el 0,06 %.<\/p>\n<p>En el plano macroecon\u00f3mico, la confianza consumidora de la Universidad de Michigan retrocedi\u00f3 hasta 55,4 puntos en septiembre, un dato peor de lo que esperaba el mercado (58,2).<\/p>\n<p>De vuelta al IBEX, BBVA y Banco Sabadell han vuelto a ser protagonistas despu\u00e9s de que el consejo de administraci\u00f3n de la entidad catalana haya rechazado por unanimidad la opa de BBVA, y haya recomendado a sus accionistas no aceptar el canje ofrecido.<\/p>\n<p>As\u00ed, el Sabadell ha sumado el 0,71 % y BBVA, el 0,03 %.<\/p>\n<h2 class=\"wp-block-heading\">Inditex echa el freno en el IBEX 35<\/h2>\n<p>Del resto de grandes valores, Inditex solo ha recortado el 1 % despu\u00e9s de dos sesiones de fuertes, donde subi\u00f3 el 6,52%, el mi\u00e9rcoles, y el 2,68%, el jueves. Banco Santander cede el 0,6 % y Telef\u00f3nica, el 0,04 %. En positivo, Repsol ha sumado el 0,41 % e Iberdrola, el 0,13 %.<\/p>\n<p>Indra ha liderado los ascensos del IBEX (3,03 %) \u00aben una semana marcada por el incremento de tensi\u00f3n de los pa\u00edses de la OTAN contra Rusia\u00bb, seg\u00fan ha afirmado el analista de mercados Manuel Pinto.<\/p>\n<p>Grifols, ha sido el valor m\u00e1s castigado (-1,43 %).<\/p>\n<p>En el mercado de renta fija, el rendimiento del bono soberano espa\u00f1ol sum\u00f3 6 puntos b\u00e1sicos, hasta el 3,284 %, con la prima de riesgo con Alemania, en 56,9 puntos b\u00e1sicos.<\/p>\n<p>Respecto al mercado de materias primas, el precio del oro ascend\u00eda el 0,34 %, hasta 3.646 d\u00f3lares por onza y el crudo Brent, de referencia en Europa, avanzaba el 1,84 %, con el barril en 67,59 d\u00f3lares.<\/p>\n<p>En el mercado cripto, el bitc\u00f3in avanzaba el 0,61 % y se mov\u00eda en 115.131 d\u00f3lares.<\/p>\n<p>The post <a href=\"https:\/\/intereconomia.com\/noticia\/mercados\/frena-inditex-frena-el-ibex-35-20250912-1755\/\">Frena Inditex, frena el IBEX 35<\/a> appeared first on <a href=\"https:\/\/intereconomia.com\">Radio Intereconom\u00eda<\/a>.<\/p>\n<p\/>Fuente: <a href=\"https:\/\/intereconomia.com\/noticia\/mercados\/frena-inditex-frena-el-ibex-35-20250912-1755\/\" class=\"autohyperlink\">intereconomia.com\/noticia\/mercados\/frena-inditex-frena-el-ibex-35-20250912-1755\/<\/a><\/p>\n","protected":false},"excerpt":{"rendered":"<p>La recuperaci\u00f3n del IBEX 35 durante las jornadas del pasado mi\u00e9rcoles y jueves tuvo un protagonista principal en la figura de Inditex, el mayor valor por capitalizaci\u00f3n del \u00edndice, con subidas del 6,52% y del 2,68%. Hoy Inditex frena su escalada, cae el 1%, y el IBEX 35 cierra plano.<\/p>\n","protected":false},"author":2,"featured_media":0,"comment_status":"closed","ping_status":"closed","sticky":false,"template":"","format":"standard","meta":{"footnotes":""},"categories":[2],"tags":[],"class_list":["post-5185","post","type-post","status-publish","format-standard","hentry","category-prensa-especializada"],"publishpress_future_action":{"enabled":false,"date":"2026-05-02 09:46:31","action":"change-status","newStatus":"draft","terms":[],"taxonomy":"category","extraData":[]},"publishpress_future_workflow_manual_trigger":{"enabledWorkflows":[]},"_links":{"self":[{"href":"https:\/\/hlrnet.net\/sites\/negocios\/wp-json\/wp\/v2\/posts\/5185","targetHints":{"allow":["GET"]}}],"collection":[{"href":"https:\/\/hlrnet.net\/sites\/negocios\/wp-json\/wp\/v2\/posts"}],"about":[{"href":"https:\/\/hlrnet.net\/sites\/negocios\/wp-json\/wp\/v2\/types\/post"}],"author":[{"embeddable":true,"href":"https:\/\/hlrnet.net\/sites\/negocios\/wp-json\/wp\/v2\/users\/2"}],"replies":[{"embeddable":true,"href":"https:\/\/hlrnet.net\/sites\/negocios\/wp-json\/wp\/v2\/comments?post=5185"}],"version-history":[{"count":0,"href":"https:\/\/hlrnet.net\/sites\/negocios\/wp-json\/wp\/v2\/posts\/5185\/revisions"}],"wp:attachment":[{"href":"https:\/\/hlrnet.net\/sites\/negocios\/wp-json\/wp\/v2\/media?parent=5185"}],"wp:term":[{"taxonomy":"category","embeddable":true,"href":"https:\/\/hlrnet.net\/sites\/negocios\/wp-json\/wp\/v2\/categories?post=5185"},{"taxonomy":"post_tag","embeddable":true,"href":"https:\/\/hlrnet.net\/sites\/negocios\/wp-json\/wp\/v2\/tags?post=5185"}],"curies":[{"name":"wp","href":"https:\/\/api.w.org\/{rel}","templated":true}]}}