{"id":5192,"date":"2025-09-16T09:53:07","date_gmt":"2025-09-16T09:53:07","guid":{"rendered":"https:\/\/financialred.com\/?p=63171"},"modified":"2025-09-16T09:53:07","modified_gmt":"2025-09-16T09:53:07","slug":"como-funciona-la-nueva-edad-de-jubilacion-que-cambiara-el-1-de-enero-de-2026","status":"publish","type":"post","link":"https:\/\/hlrnet.net\/sites\/negocios\/2025\/09\/16\/como-funciona-la-nueva-edad-de-jubilacion-que-cambiara-el-1-de-enero-de-2026\/","title":{"rendered":"C\u00f3mo funciona la nueva edad de jubilaci\u00f3n: qu\u00e9 cambiar\u00e1 el 1 de enero de 2026"},"content":{"rendered":"\n\n<div class=\"kk-star-ratings kksr-auto kksr-align-left kksr-valign-top\"\n    data-payload='{&quot;align&quot;:&quot;left&quot;,&quot;id&quot;:&quot;5192&quot;,&quot;slug&quot;:&quot;default&quot;,&quot;valign&quot;:&quot;top&quot;,&quot;ignore&quot;:&quot;&quot;,&quot;reference&quot;:&quot;auto&quot;,&quot;class&quot;:&quot;&quot;,&quot;count&quot;:&quot;0&quot;,&quot;legendonly&quot;:&quot;&quot;,&quot;readonly&quot;:&quot;&quot;,&quot;score&quot;:&quot;0&quot;,&quot;starsonly&quot;:&quot;&quot;,&quot;best&quot;:&quot;5&quot;,&quot;gap&quot;:&quot;5&quot;,&quot;greet&quot;:&quot;Rate this post&quot;,&quot;legend&quot;:&quot;0\\\/5 - (0 votos)&quot;,&quot;size&quot;:&quot;24&quot;,&quot;title&quot;:&quot;C\u00f3mo funciona la nueva edad de jubilaci\u00f3n: qu\u00e9 cambiar\u00e1 el 1 de enero de 2026&quot;,&quot;width&quot;:&quot;0&quot;,&quot;_legend&quot;:&quot;{score}\\\/{best} - ({count} {votes})&quot;,&quot;font_factor&quot;:&quot;1.25&quot;}'>\n            \n<div class=\"kksr-stars\">\n    \n<div class=\"kksr-stars-inactive\">\n            <div class=\"kksr-star\" data-star=\"1\" style=\"padding-right: 5px\">\n            \n\n<div class=\"kksr-icon\" style=\"width: 24px; height: 24px;\"><\/div>\n        <\/div>\n            <div class=\"kksr-star\" data-star=\"2\" style=\"padding-right: 5px\">\n            \n\n<div class=\"kksr-icon\" style=\"width: 24px; height: 24px;\"><\/div>\n        <\/div>\n            <div class=\"kksr-star\" data-star=\"3\" style=\"padding-right: 5px\">\n            \n\n<div class=\"kksr-icon\" style=\"width: 24px; height: 24px;\"><\/div>\n        <\/div>\n            <div class=\"kksr-star\" data-star=\"4\" style=\"padding-right: 5px\">\n            \n\n<div class=\"kksr-icon\" style=\"width: 24px; height: 24px;\"><\/div>\n        <\/div>\n            <div class=\"kksr-star\" data-star=\"5\" style=\"padding-right: 5px\">\n            \n\n<div class=\"kksr-icon\" style=\"width: 24px; height: 24px;\"><\/div>\n        <\/div>\n    <\/div>\n    \n<div class=\"kksr-stars-active\" style=\"width: 0px;\">\n            <div class=\"kksr-star\" style=\"padding-right: 5px\">\n            \n\n<div class=\"kksr-icon\" style=\"width: 24px; height: 24px;\"><\/div>\n        <\/div>\n            <div class=\"kksr-star\" style=\"padding-right: 5px\">\n            \n\n<div class=\"kksr-icon\" style=\"width: 24px; height: 24px;\"><\/div>\n        <\/div>\n            <div class=\"kksr-star\" style=\"padding-right: 5px\">\n            \n\n<div class=\"kksr-icon\" style=\"width: 24px; height: 24px;\"><\/div>\n        <\/div>\n            <div class=\"kksr-star\" style=\"padding-right: 5px\">\n            \n\n<div class=\"kksr-icon\" style=\"width: 24px; height: 24px;\"><\/div>\n        <\/div>\n            <div class=\"kksr-star\" style=\"padding-right: 5px\">\n            \n\n<div class=\"kksr-icon\" style=\"width: 24px; height: 24px;\"><\/div>\n        <\/div>\n    <\/div>\n<\/div>\n                \n\n<div class=\"kksr-legend\" style=\"font-size: 19.2px;\">\n            <span class=\"kksr-muted\">Rate this post<\/span>\n    <\/div>\n    <\/div>\n<br \/>\n<h2 class=\"wp-block-heading\">Cambios clave que debes conocer<\/h2>\n<p>A partir del <strong>1 de enero de 2026<\/strong> habr\u00e1 modificaciones importantes en la edad legal de jubilaci\u00f3n en Espa\u00f1a que te afectan si est\u00e1s pensando en dejar de trabajar pronto. La edad ordinaria sube a <strong>66 a\u00f1os y 10 meses<\/strong> para quienes no hayan cotizado al menos <strong>38 a\u00f1os y 3 meses<\/strong>. Si cumples ese m\u00ednimo de cotizaci\u00f3n, podr\u00e1s jubilarte con <strong>65 a\u00f1os<\/strong>. Este cambio es parte del calendario progresivo iniciado hace ya varios a\u00f1os para alcanzar los <strong>67 a\u00f1os en 2027<\/strong>, salvo quienes acrediten las cotizaciones exigidas.<\/p>\n<figure class=\"wp-block-image size-large\"><img decoding=\"async\" loading=\"lazy\" width=\"1024\" height=\"768\" src=\"https:\/\/financialred.com\/wp-content\/uploads\/2025\/09\/Reloj-marcando-la-hora-de-jubilacion-en-Calendario-1024x768-1.jpg\" alt=\"\" class=\"wp-image-12362\" \/><\/figure>\n<p>Adem\u00e1s de lo de la edad, el c\u00e1lculo de la pensi\u00f3n tambi\u00e9n se ajusta. En 2026 se mantendr\u00e1 el requisito m\u00ednimo de cotizaci\u00f3n en <strong>15 a\u00f1os<\/strong>, de los cuales al menos <strong>2 a\u00f1os deben estar cotizados dentro de los 15 \u00faltimos a\u00f1os previos a la jubilaci\u00f3n<\/strong>. Para tener derecho al <strong>100 % de la pensi\u00f3n contributiva<\/strong>, en 2026 necesitas haber cotizado unos <strong>36 a\u00f1os y 6 meses<\/strong>. A partir de 2027 ese periodo exigido para cobrar la pensi\u00f3n completa seguir\u00e1 aumentando.<\/p>\n<p>Otro punto que cambia es la jubilaci\u00f3n anticipada voluntaria. Quienes no cumplan los a\u00f1os de cotizaci\u00f3n pueden adelantar su salida del trabajo, pero lo pagar\u00e1n con <strong>coeficientes reductores<\/strong>, es decir, la cuant\u00eda de la pensi\u00f3n ser\u00e1 menor si no llegas al n\u00famero de a\u00f1os exigidos. En 2026, quienes puedan acogerse a la anticipada voluntaria ver\u00e1n que la edad m\u00ednima tambi\u00e9n se ajusta: si tienes menos de los 38 a\u00f1os y 3 meses, la edad que te permita jubilarte anticipadamente sube unos meses respecto a la norma anterior.<\/p>\n<p>Estos cambios buscan que el sistema de <strong>Seguridad Social<\/strong> sea m\u00e1s sostenible frente al envejecimiento poblacional, al alargamiento de la esperanza de vida y al desequilibrio entre cotizantes y pensionistas. Tambi\u00e9n se pretende que quienes hayan tenido carreras de cotizaci\u00f3n largas (sin interrupciones o con muchas aportaciones) no se vean penalizados, al menos no tanto como antes, manteniendo cierta ventaja para los cotizantes de largo plazo.<\/p>\n<h2 class=\"wp-block-heading\">C\u00f3mo te afecta esto y qu\u00e9 puedes hacer ahora<\/h2>\n<p>Si est\u00e1s cerca de la edad de jubilaci\u00f3n o te falta poco para alcanzar los a\u00f1os de cotizaci\u00f3n necesarios, los cambios te dan motivos para revisar tu historial de cotizaci\u00f3n. Lo primero que te recomiendo es mirar cu\u00e1nto has cotizado hasta ahora y si cumples o est\u00e1s cerca de cumplir los <strong>38 a\u00f1os y 3 meses<\/strong>. Si ya lo tienes, tu edad legal ser\u00e1 menor, lo que puede suponer unos a\u00f1os de diferencia importantes.<\/p>\n<p>Tambi\u00e9n conviene que planifiques con tiempo si piensas en jubilarte anticipadamente. Como los coeficientes reductores ser\u00e1n mayores para quienes no lleguen al m\u00ednimo exigido, adelantar la jubilaci\u00f3n sin tener todas las cotizaciones puede costar bastante en la pensi\u00f3n mensual que recibir\u00e1s.<\/p>\n<p>A su vez, revisa si tienes periodos sin cotizaci\u00f3n, lagunas en tu vida laboral, o trabajos con bases muy bajas, porque todo eso cuenta. En algunos casos puede convenir seguir trabajando alguno de los \u00faltimos a\u00f1os para mejorar la base reguladora y el c\u00e1lculo de la pensi\u00f3n.<\/p>\n<p>Si eres joven o est\u00e1s empezando tu vida laboral es probable que estos cambios te afecten de forma indirecta pero tambi\u00e9n real: la subida progresiva hasta los 67 a\u00f1os afectar\u00e1 a tu generaci\u00f3n si no logras acumular los a\u00f1os de cotizaci\u00f3n exigidos.<\/p>\n<p>En resumen los cambios que llegan en enero de 2026 implican una edad legal de jubilaci\u00f3n superior si no alcanzas los <strong>38 a\u00f1os y 3 meses<\/strong> de cotizaci\u00f3n, la necesidad de cotizar por lo menos 15 a\u00f1os para tener pensi\u00f3n contributiva, y nuevos criterios para quienes quieran retirarse antes. Si te preparas con antelaci\u00f3n, revisas bien tus a\u00f1os cotizados y planificas tus \u00faltimos pasos laborales, la transici\u00f3n puede ser mucho m\u00e1s suave y podr\u00e1s evitar sorpresas desagradables.<\/p>\n<p>The post <a href=\"https:\/\/www.planesypensiones.com\/como-funciona-la-nueva-edad-de-jubilacion-que-cambiara-el-1-de-enero-de-2026.html\">C\u00f3mo funciona la nueva edad de jubilaci\u00f3n: qu\u00e9 cambiar\u00e1 el 1 de enero de 2026<\/a> first appeared on <a href=\"https:\/\/www.planesypensiones.com\">Planes de Pensiones<\/a>.<\/p>\n<p\/>Fuente: <a href=\"https:\/\/www.planesypensiones.com\/como-funciona-la-nueva-edad-de-jubilacion-que-cambiara-el-1-de-enero-de-2026.html\" class=\"autohyperlink\">www.planesypensiones.com\/como-funciona-la-nueva-edad-de-jubilacion-que-cambiara-el-1-de-enero-de-2026.html<\/a><\/p>\n","protected":false},"excerpt":{"rendered":"<p>Cambios clave que debes conocer A partir del 1 de enero de 2026 habr\u00e1 modificaciones importantes en la edad legal de jubilaci\u00f3n en Espa\u00f1a que te afectan si est\u00e1s pensando en dejar de trabajar pronto. La edad ordinaria sube a 66 a\u00f1os y 10 meses para quienes no hayan cotizado<\/p>\n","protected":false},"author":2,"featured_media":0,"comment_status":"closed","ping_status":"closed","sticky":false,"template":"","format":"standard","meta":{"footnotes":""},"categories":[2],"tags":[],"class_list":["post-5192","post","type-post","status-publish","format-standard","hentry","category-prensa-especializada"],"publishpress_future_action":{"enabled":false,"date":"2026-05-02 09:45:15","action":"change-status","newStatus":"draft","terms":[],"taxonomy":"category","extraData":[]},"publishpress_future_workflow_manual_trigger":{"enabledWorkflows":[]},"_links":{"self":[{"href":"https:\/\/hlrnet.net\/sites\/negocios\/wp-json\/wp\/v2\/posts\/5192","targetHints":{"allow":["GET"]}}],"collection":[{"href":"https:\/\/hlrnet.net\/sites\/negocios\/wp-json\/wp\/v2\/posts"}],"about":[{"href":"https:\/\/hlrnet.net\/sites\/negocios\/wp-json\/wp\/v2\/types\/post"}],"author":[{"embeddable":true,"href":"https:\/\/hlrnet.net\/sites\/negocios\/wp-json\/wp\/v2\/users\/2"}],"replies":[{"embeddable":true,"href":"https:\/\/hlrnet.net\/sites\/negocios\/wp-json\/wp\/v2\/comments?post=5192"}],"version-history":[{"count":0,"href":"https:\/\/hlrnet.net\/sites\/negocios\/wp-json\/wp\/v2\/posts\/5192\/revisions"}],"wp:attachment":[{"href":"https:\/\/hlrnet.net\/sites\/negocios\/wp-json\/wp\/v2\/media?parent=5192"}],"wp:term":[{"taxonomy":"category","embeddable":true,"href":"https:\/\/hlrnet.net\/sites\/negocios\/wp-json\/wp\/v2\/categories?post=5192"},{"taxonomy":"post_tag","embeddable":true,"href":"https:\/\/hlrnet.net\/sites\/negocios\/wp-json\/wp\/v2\/tags?post=5192"}],"curies":[{"name":"wp","href":"https:\/\/api.w.org\/{rel}","templated":true}]}}