{"id":5194,"date":"2025-09-17T08:53:39","date_gmt":"2025-09-17T08:53:39","guid":{"rendered":"https:\/\/intereconomia.com\/?p=1019769"},"modified":"2025-09-17T08:53:39","modified_gmt":"2025-09-17T08:53:39","slug":"la-deuda-publica-sube-otro-4-y-alcanza-los-168-billones-de-euros","status":"publish","type":"post","link":"https:\/\/hlrnet.net\/sites\/negocios\/2025\/09\/17\/la-deuda-publica-sube-otro-4-y-alcanza-los-168-billones-de-euros\/","title":{"rendered":"La deuda p\u00fablica sube otro 4% y alcanza los 1,68 billones de euros"},"content":{"rendered":"\n\n<div class=\"kk-star-ratings kksr-auto kksr-align-left kksr-valign-top\"\n    data-payload='{&quot;align&quot;:&quot;left&quot;,&quot;id&quot;:&quot;5194&quot;,&quot;slug&quot;:&quot;default&quot;,&quot;valign&quot;:&quot;top&quot;,&quot;ignore&quot;:&quot;&quot;,&quot;reference&quot;:&quot;auto&quot;,&quot;class&quot;:&quot;&quot;,&quot;count&quot;:&quot;0&quot;,&quot;legendonly&quot;:&quot;&quot;,&quot;readonly&quot;:&quot;&quot;,&quot;score&quot;:&quot;0&quot;,&quot;starsonly&quot;:&quot;&quot;,&quot;best&quot;:&quot;5&quot;,&quot;gap&quot;:&quot;5&quot;,&quot;greet&quot;:&quot;Rate this post&quot;,&quot;legend&quot;:&quot;0\\\/5 - (0 votos)&quot;,&quot;size&quot;:&quot;24&quot;,&quot;title&quot;:&quot;La deuda p\u00fablica sube otro 4% y alcanza los 1,68 billones de euros&quot;,&quot;width&quot;:&quot;0&quot;,&quot;_legend&quot;:&quot;{score}\\\/{best} - ({count} {votes})&quot;,&quot;font_factor&quot;:&quot;1.25&quot;}'>\n            \n<div class=\"kksr-stars\">\n    \n<div class=\"kksr-stars-inactive\">\n            <div class=\"kksr-star\" data-star=\"1\" style=\"padding-right: 5px\">\n            \n\n<div class=\"kksr-icon\" style=\"width: 24px; height: 24px;\"><\/div>\n        <\/div>\n            <div class=\"kksr-star\" data-star=\"2\" style=\"padding-right: 5px\">\n            \n\n<div class=\"kksr-icon\" style=\"width: 24px; height: 24px;\"><\/div>\n        <\/div>\n            <div class=\"kksr-star\" data-star=\"3\" style=\"padding-right: 5px\">\n            \n\n<div class=\"kksr-icon\" style=\"width: 24px; height: 24px;\"><\/div>\n        <\/div>\n            <div class=\"kksr-star\" data-star=\"4\" style=\"padding-right: 5px\">\n            \n\n<div class=\"kksr-icon\" style=\"width: 24px; height: 24px;\"><\/div>\n        <\/div>\n            <div class=\"kksr-star\" data-star=\"5\" style=\"padding-right: 5px\">\n            \n\n<div class=\"kksr-icon\" style=\"width: 24px; height: 24px;\"><\/div>\n        <\/div>\n    <\/div>\n    \n<div class=\"kksr-stars-active\" style=\"width: 0px;\">\n            <div class=\"kksr-star\" style=\"padding-right: 5px\">\n            \n\n<div class=\"kksr-icon\" style=\"width: 24px; height: 24px;\"><\/div>\n        <\/div>\n            <div class=\"kksr-star\" style=\"padding-right: 5px\">\n            \n\n<div class=\"kksr-icon\" style=\"width: 24px; height: 24px;\"><\/div>\n        <\/div>\n            <div class=\"kksr-star\" style=\"padding-right: 5px\">\n            \n\n<div class=\"kksr-icon\" style=\"width: 24px; height: 24px;\"><\/div>\n        <\/div>\n            <div class=\"kksr-star\" style=\"padding-right: 5px\">\n            \n\n<div class=\"kksr-icon\" style=\"width: 24px; height: 24px;\"><\/div>\n        <\/div>\n            <div class=\"kksr-star\" style=\"padding-right: 5px\">\n            \n\n<div class=\"kksr-icon\" style=\"width: 24px; height: 24px;\"><\/div>\n        <\/div>\n    <\/div>\n<\/div>\n                \n\n<div class=\"kksr-legend\" style=\"font-size: 19.2px;\">\n            <span class=\"kksr-muted\">Rate this post<\/span>\n    <\/div>\n    <\/div>\n\n<p>La deuda p\u00fablica del conjunto de las Administraciones P\u00fablicas no deja de crecer y se situ\u00f3 en julio en 1,680 billones de euros, un 3,9 % m\u00e1s que en el mismo periodo de 2024.<\/p>\n<p>De acuerdo con los datos avanzados este mi\u00e9rcoles por el <a href=\"https:\/\/intereconomia.com\/tag\/banco-de-espana\/\">Banco de Espa\u00f1a<\/a>, el saldo de la deuda p\u00fablica se situ\u00f3 en 1,52 billones de euros, un 4,1 % m\u00e1s interanual, que equivalen al 92,9 % del PIB, mientras que el endeudamiento de las administraciones de la Seguridad Social fue de 126.174 millones, un 8,6 % m\u00e1s interanual, que suponen el 7,7 % del PIB.<\/p>\n<p>Respecto a las administraciones territoriales, la deuda de las comunidades aut\u00f3nomas fue de 340.027 millones, equivalentes a un 20,7 % del PIB, con un incremento interanual del 1,6 %.<\/p>\n<p>La deuda de las corporaciones locales se situ\u00f3 en 23.498 millones (1,4 % del PIB), tras descender un 1,6 % interanual.<\/p>\n<p>Al cierre de julio, la mayor parte de la deuda p\u00fablica espa\u00f1ola se encontraba en valores a largo plazo (1.434.564 millones), mientras que el resto se repart\u00eda en pr\u00e9stamos (170.455 millones), valores a corto plazo (69.831 millones) y efectivo y dep\u00f3sitos (5.463 millones).&nbsp;<\/p>\n<h2 class=\"wp-block-heading\">El Tesoro espera colocar este jueves hasta 6.000 millones m\u00e1s en deuda p\u00fablica<\/h2>\n<p>El Tesoro P\u00fablico espa\u00f1ol celebra este jueves, la \u00faltima subasta de septiembre, en la que espera colocar entre 5.000 y 6.000 millones de euros en tres denominaciones distintas de bonos y obligaciones del Estado.<\/p>\n<p>En concreto, el Tesoro ofrecer\u00e1 a los inversores bonos a tres a\u00f1os, unas obligaciones a diez a\u00f1os y otras a treinta.<\/p>\n<p>Esta puja se celebrar\u00e1 un d\u00eda despu\u00e9s de conocerse las decisiones sobre los tipos de inter\u00e9s de la Reserva Federal de Estados Unidos (Fed).<\/p>\n<p>El mercado descuenta que el banco central estadounidense anunciar\u00e1 esta tarde un recorte en los tipos de 25 puntos b\u00e1sicos.<\/p>\n<p>La semana pasada, el Banco Central Europeo (BCE) decidi\u00f3 mantener los tipos de inter\u00e9s en el 2 % por segundo mes consecutivo.<\/p>\n<p>En este contexto, el Tesoro apelar\u00e1 nuevamente a los inversores, mientras, en el mercado secundario de deuda, la rentabilidad del bono espa\u00f1ol a diez a\u00f1os (el de referencia) se sit\u00faa en el entorno del 3,24 %, con la prima de riesgo con Alemania en 55 puntos b\u00e1sicos.<\/p>\n<p>Tras la puja de ma\u00f1ana, el Tesoro no celebrar\u00e1 ninguna subasta m\u00e1s hasta el pr\u00f3ximo 2 de octubre.&nbsp;<\/p>\n<p>The post <a href=\"https:\/\/intereconomia.com\/noticia\/finanzas\/la-deuda-publica-sube-otro-4-y-alcanza-los-168-billones-de-euros-20250917-1053\/\">La deuda p\u00fablica sube otro 4% y alcanza los 1,68 billones de euros<\/a> appeared first on <a href=\"https:\/\/intereconomia.com\">Radio Intereconom\u00eda<\/a>.<\/p>\n<p\/>Fuente: <a href=\"https:\/\/intereconomia.com\/noticia\/finanzas\/la-deuda-publica-sube-otro-4-y-alcanza-los-168-billones-de-euros-20250917-1053\/\" class=\"autohyperlink\">intereconomia.com\/noticia\/finanzas\/la-deuda-publica-sube-otro-4-y-alcanza-los-168-billones-de-euros-20250917-1053\/<\/a><\/p>\n","protected":false},"excerpt":{"rendered":"<p>La deuda p\u00fablica del conjunto de las Administraciones P\u00fablicas no deja de crecer y se situ\u00f3 en julio en 1,680 billones de euros, un 3,9 % m\u00e1s que en el mismo periodo de 2024. De acuerdo con los datos avanzados este mi\u00e9rcoles por el Banco de Espa\u00f1a, el saldo de<\/p>\n","protected":false},"author":2,"featured_media":0,"comment_status":"closed","ping_status":"closed","sticky":false,"template":"","format":"standard","meta":{"footnotes":""},"categories":[2],"tags":[],"class_list":["post-5194","post","type-post","status-publish","format-standard","hentry","category-prensa-especializada"],"publishpress_future_action":{"enabled":false,"date":"2026-05-02 10:08:33","action":"change-status","newStatus":"draft","terms":[],"taxonomy":"category","extraData":[]},"publishpress_future_workflow_manual_trigger":{"enabledWorkflows":[]},"_links":{"self":[{"href":"https:\/\/hlrnet.net\/sites\/negocios\/wp-json\/wp\/v2\/posts\/5194","targetHints":{"allow":["GET"]}}],"collection":[{"href":"https:\/\/hlrnet.net\/sites\/negocios\/wp-json\/wp\/v2\/posts"}],"about":[{"href":"https:\/\/hlrnet.net\/sites\/negocios\/wp-json\/wp\/v2\/types\/post"}],"author":[{"embeddable":true,"href":"https:\/\/hlrnet.net\/sites\/negocios\/wp-json\/wp\/v2\/users\/2"}],"replies":[{"embeddable":true,"href":"https:\/\/hlrnet.net\/sites\/negocios\/wp-json\/wp\/v2\/comments?post=5194"}],"version-history":[{"count":0,"href":"https:\/\/hlrnet.net\/sites\/negocios\/wp-json\/wp\/v2\/posts\/5194\/revisions"}],"wp:attachment":[{"href":"https:\/\/hlrnet.net\/sites\/negocios\/wp-json\/wp\/v2\/media?parent=5194"}],"wp:term":[{"taxonomy":"category","embeddable":true,"href":"https:\/\/hlrnet.net\/sites\/negocios\/wp-json\/wp\/v2\/categories?post=5194"},{"taxonomy":"post_tag","embeddable":true,"href":"https:\/\/hlrnet.net\/sites\/negocios\/wp-json\/wp\/v2\/tags?post=5194"}],"curies":[{"name":"wp","href":"https:\/\/api.w.org\/{rel}","templated":true}]}}