{"id":5220,"date":"2025-09-25T14:57:17","date_gmt":"2025-09-25T14:57:17","guid":{"rendered":"https:\/\/intereconomia.com\/?p=1021292"},"modified":"2025-09-25T14:57:17","modified_gmt":"2025-09-25T14:57:17","slug":"cabify-uber-y-bolt-al-unisono-con-la-ley-del-taxi-catalana-perdemos-todos","status":"publish","type":"post","link":"https:\/\/hlrnet.net\/sites\/negocios\/2025\/09\/25\/cabify-uber-y-bolt-al-unisono-con-la-ley-del-taxi-catalana-perdemos-todos\/","title":{"rendered":"Cabify, Uber y\u00a0Bolt, al un\u00edsono: con la ley del taxi catalana \u2018perdemos todos\u2019"},"content":{"rendered":"\n\n<div class=\"kk-star-ratings kksr-auto kksr-align-left kksr-valign-top\"\n    data-payload='{&quot;align&quot;:&quot;left&quot;,&quot;id&quot;:&quot;5220&quot;,&quot;slug&quot;:&quot;default&quot;,&quot;valign&quot;:&quot;top&quot;,&quot;ignore&quot;:&quot;&quot;,&quot;reference&quot;:&quot;auto&quot;,&quot;class&quot;:&quot;&quot;,&quot;count&quot;:&quot;0&quot;,&quot;legendonly&quot;:&quot;&quot;,&quot;readonly&quot;:&quot;&quot;,&quot;score&quot;:&quot;0&quot;,&quot;starsonly&quot;:&quot;&quot;,&quot;best&quot;:&quot;5&quot;,&quot;gap&quot;:&quot;5&quot;,&quot;greet&quot;:&quot;Rate this post&quot;,&quot;legend&quot;:&quot;0\\\/5 - (0 votos)&quot;,&quot;size&quot;:&quot;24&quot;,&quot;title&quot;:&quot;Cabify, Uber y\u00a0Bolt, al un\u00edsono: con la ley del taxi catalana \u2018perdemos todos\u2019&quot;,&quot;width&quot;:&quot;0&quot;,&quot;_legend&quot;:&quot;{score}\\\/{best} - ({count} {votes})&quot;,&quot;font_factor&quot;:&quot;1.25&quot;}'>\n            \n<div class=\"kksr-stars\">\n    \n<div class=\"kksr-stars-inactive\">\n            <div class=\"kksr-star\" data-star=\"1\" style=\"padding-right: 5px\">\n            \n\n<div class=\"kksr-icon\" style=\"width: 24px; height: 24px;\"><\/div>\n        <\/div>\n            <div class=\"kksr-star\" data-star=\"2\" style=\"padding-right: 5px\">\n            \n\n<div class=\"kksr-icon\" style=\"width: 24px; height: 24px;\"><\/div>\n        <\/div>\n            <div class=\"kksr-star\" data-star=\"3\" style=\"padding-right: 5px\">\n            \n\n<div class=\"kksr-icon\" style=\"width: 24px; height: 24px;\"><\/div>\n        <\/div>\n            <div class=\"kksr-star\" data-star=\"4\" style=\"padding-right: 5px\">\n            \n\n<div class=\"kksr-icon\" style=\"width: 24px; height: 24px;\"><\/div>\n        <\/div>\n            <div class=\"kksr-star\" data-star=\"5\" style=\"padding-right: 5px\">\n            \n\n<div class=\"kksr-icon\" style=\"width: 24px; height: 24px;\"><\/div>\n        <\/div>\n    <\/div>\n    \n<div class=\"kksr-stars-active\" style=\"width: 0px;\">\n            <div class=\"kksr-star\" style=\"padding-right: 5px\">\n            \n\n<div class=\"kksr-icon\" style=\"width: 24px; height: 24px;\"><\/div>\n        <\/div>\n            <div class=\"kksr-star\" style=\"padding-right: 5px\">\n            \n\n<div class=\"kksr-icon\" style=\"width: 24px; height: 24px;\"><\/div>\n        <\/div>\n            <div class=\"kksr-star\" style=\"padding-right: 5px\">\n            \n\n<div class=\"kksr-icon\" style=\"width: 24px; height: 24px;\"><\/div>\n        <\/div>\n            <div class=\"kksr-star\" style=\"padding-right: 5px\">\n            \n\n<div class=\"kksr-icon\" style=\"width: 24px; height: 24px;\"><\/div>\n        <\/div>\n            <div class=\"kksr-star\" style=\"padding-right: 5px\">\n            \n\n<div class=\"kksr-icon\" style=\"width: 24px; height: 24px;\"><\/div>\n        <\/div>\n    <\/div>\n<\/div>\n                \n\n<div class=\"kksr-legend\" style=\"font-size: 19.2px;\">\n            <span class=\"kksr-muted\">Rate this post<\/span>\n    <\/div>\n    <\/div>\n\n<p>Las plataformas de movilidad que operan en Barcelona (<a href=\"https:\/\/cabify.com\/l\/es\/empresas\/contacto?utm_source=bing&amp;utm_medium=cpm&amp;utm_campaign=ES-ALL-CORP-ACQ-LEAD-SEARCH-TEXT-DM-CPC-ALWAYSON_BRAND_RV-GLO-GR-LP-GOOGLE&amp;utm_term=cabify%20negocio&amp;utm_content=&amp;matchtype=&amp;msclkid=622aceb0b59c1c97c812a665e2e3ed63\" target=\"_blank\" rel=\"noreferrer noopener\">Cabify, Uber y\u00a0Bolt<\/a>) trasladan su preocupaci\u00f3n ante la propuesta de ley de transporte en <a href=\"https:\/\/intereconomia.com\/tag\/vehiculos-electricos\/\" target=\"_blank\" rel=\"noreferrer noopener\">veh\u00edculos <\/a>de hasta nueve plazas presentada hoy en el Parlamento.<\/p>\n<p>\u00abSi esta ley sale adelante todos perdemos\u00bb. Los ciudadanos, que van a ver c\u00f3mo empeora la end\u00e9mica escasez de alternativas de movilidad en Barcelona. Los trabajadores, con casi 4.000 personas que van a perder su empleo de la noche a la ma\u00f1ana. Y Catalunya, que frena en seco su apuesta por una movilidad moderna y sostenible.<\/p>\n<p>Las VTC no compiten con el taxi: lo complementan. La mejor prueba de ello es que taxis y VTC conviven en sus plataformas ofreciendo un gran servicio a ciudadanos y turistas que cada vez m\u00e1s huyen de la mano alzada y optan por pedir su viaje a trav\u00e9s de una aplicaci\u00f3n m\u00f3vil.<\/p>\n<p>Barcelona no puede quedarse atr\u00e1s en un debate ya superado en todas las grandes ciudades, optando por prohibir en lugar de regular. No es que sobren&nbsp;VTCs, el problema es que faltan taxis y&nbsp;VTCs. Tanto es as\u00ed que Barcelona es la ciudad con&nbsp;un menor ratio&nbsp;de&nbsp;VTCs&nbsp;y taxis por mil habitantes de Europa (3,4 veh\u00edculos), es decir, 2,1 puntos por debajo de Par\u00eds (5,5), menos de la mitad que Lisboa (8,5) o&nbsp;Amsterdam&nbsp;(8,5) y muy lejos de la oferta disponible en ciudades como Nueva York (12,3) o Londres (11,9), llegando a triplicar los tiempos de espera.<\/p>\n<h2 class=\"wp-block-heading\"><strong>Cabify, Uber y\u00a0Bolt hacen un llamamiento al Gobierno catal\u00e1n<\/strong><\/h2>\n<p>Desde las plataformas de movilidad que operan en Barcelona, hacen un llamamiento a los partidos pol\u00edticos y al\u00a0Govern\u00a0para que reconsideren sus planes y trabajemos, juntos, en una ley que garantice el derecho a la movilidad de los catalanes, evite el despido de miles de trabajadores y siente las bases para la movilidad del futuro que pasa, sin ninguna duda, por la electrificaci\u00f3n de las flotas y la inminente llegada del coche aut\u00f3nomo.<\/p>\n<p>Por eso, piden que cualquier nueva normativa se base en tres principios, ampliamente reconocidos en la jurisprudencia nacional y europea:<\/p>\n<ul class=\"wp-block-list\">\n<li>Proporcionalidad: Que las medidas respondan a objetivos leg\u00edtimos de inter\u00e9s general sin destruir empleo ni limitar el acceso al servicio.<\/li>\n<li>Seguridad jur\u00eddica: Que se garantice un marco claro y estable, que permita invertir, innovar y crecer sin estar a merced de regulaciones cambiantes y arbitrarias.<\/li>\n<li>Escucha activa: Que las administraciones cuenten con el sector a la hora de definir las reglas del juego.<\/li>\n<\/ul>\n<p>En resumen, si esta regulaci\u00f3n finalmente sale adelante, adem\u00e1s de contravenir abiertamente al derecho europeo, miles de personas perder\u00e1n su empleo, la movilidad de Barcelona retroceder\u00e1 al siglo XX y Catalunya perder\u00e1 una gran oportunidad de avanzar en la electrificaci\u00f3n de la flota, como anunci\u00f3 recientemente el Presidente Illa.<\/p>\n<p>The post <a href=\"https:\/\/intereconomia.com\/noticia\/empresas\/cabify-uber-y-bolt-al-unisono-con-la-ley-del-taxi-catalana-perdemos-todos-20250925-1657\/\">Cabify, Uber y\u00a0Bolt, al un\u00edsono: con la ley del taxi catalana &#8216;perdemos todos&#8217;<\/a> appeared first on <a href=\"https:\/\/intereconomia.com\">Radio Intereconom\u00eda<\/a>.<\/p>\n<p\/>Fuente: <a href=\"https:\/\/intereconomia.com\/noticia\/empresas\/cabify-uber-y-bolt-al-unisono-con-la-ley-del-taxi-catalana-perdemos-todos-20250925-1657\/\" class=\"autohyperlink\">intereconomia.com\/noticia\/empresas\/cabify-uber-y-bolt-al-unisono-con-la-ley-del-taxi-catalana-perdemos-todos-20250925-1657\/<\/a><\/p>\n","protected":false},"excerpt":{"rendered":"<p>Las plataformas de movilidad que operan en Barcelona (Cabify, Uber y\u00a0Bolt) trasladan su preocupaci\u00f3n ante la propuesta de ley de transporte en veh\u00edculos de hasta nueve plazas presentada hoy en el Parlamento. \u00abSi esta ley sale adelante todos perdemos\u00bb. Los ciudadanos, que van a ver c\u00f3mo empeora la end\u00e9mica escasez<\/p>\n","protected":false},"author":2,"featured_media":0,"comment_status":"closed","ping_status":"closed","sticky":false,"template":"","format":"standard","meta":{"footnotes":""},"categories":[2],"tags":[],"class_list":["post-5220","post","type-post","status-publish","format-standard","hentry","category-prensa-especializada"],"publishpress_future_action":{"enabled":false,"date":"2026-05-02 05:40:42","action":"change-status","newStatus":"draft","terms":[],"taxonomy":"category","extraData":[]},"publishpress_future_workflow_manual_trigger":{"enabledWorkflows":[]},"_links":{"self":[{"href":"https:\/\/hlrnet.net\/sites\/negocios\/wp-json\/wp\/v2\/posts\/5220","targetHints":{"allow":["GET"]}}],"collection":[{"href":"https:\/\/hlrnet.net\/sites\/negocios\/wp-json\/wp\/v2\/posts"}],"about":[{"href":"https:\/\/hlrnet.net\/sites\/negocios\/wp-json\/wp\/v2\/types\/post"}],"author":[{"embeddable":true,"href":"https:\/\/hlrnet.net\/sites\/negocios\/wp-json\/wp\/v2\/users\/2"}],"replies":[{"embeddable":true,"href":"https:\/\/hlrnet.net\/sites\/negocios\/wp-json\/wp\/v2\/comments?post=5220"}],"version-history":[{"count":0,"href":"https:\/\/hlrnet.net\/sites\/negocios\/wp-json\/wp\/v2\/posts\/5220\/revisions"}],"wp:attachment":[{"href":"https:\/\/hlrnet.net\/sites\/negocios\/wp-json\/wp\/v2\/media?parent=5220"}],"wp:term":[{"taxonomy":"category","embeddable":true,"href":"https:\/\/hlrnet.net\/sites\/negocios\/wp-json\/wp\/v2\/categories?post=5220"},{"taxonomy":"post_tag","embeddable":true,"href":"https:\/\/hlrnet.net\/sites\/negocios\/wp-json\/wp\/v2\/tags?post=5220"}],"curies":[{"name":"wp","href":"https:\/\/api.w.org\/{rel}","templated":true}]}}